{"id":922,"date":"2012-08-13T18:28:16","date_gmt":"2012-08-13T18:28:16","guid":{"rendered":"https:\/\/chrisp.lautre.net\/wpblog\/?p=922"},"modified":"2020-04-15T23:37:25","modified_gmt":"2020-04-15T21:37:25","slug":"andy-dann-dine-navajo-lindustrie-alimentee-au-charbon-rend-les-navajos-malades","status":"publish","type":"post","link":"https:\/\/chrisp.lautre.net\/wpblog\/?p=922","title":{"rendered":"ANDY DANN, DINE [NAVAJO]: L\u2019INDUSTRIE ALIMENTEE AU CHARBON REND LES NAVAJOS MALADES"},"content":{"rendered":"<p><a href=\"https:\/\/chrisp.lautre.net\/wpblog\/wp-content\/uploads\/SanJuan11-8-2012.png\"><img decoding=\"async\" loading=\"lazy\" class=\"alignnone size-full wp-image-923\" title=\"SanJuan11-8-2012\" alt=\"\" src=\"https:\/\/chrisp.lautre.net\/wpblog\/wp-content\/uploads\/SanJuan11-8-2012.png\" width=\"276\" height=\"183\" \/><\/a><\/p>\n<p><strong><em>Andy Dann, Din\u00e9\u00a0: il est temps de renouveler les sources d\u2019\u00e9nergie et de mettre un terme au d\u00e9veloppement de maladies dues aux centrales et aux mines de charbon<\/em><\/strong><\/p>\n<p>&nbsp;<\/p>\n<p>Par Andy Dann, Din\u00e9 <em>[Navajo]<\/em><\/p>\n<p>Publi\u00e9 par <a href=\"http:\/\/bsnorrell.blogspot.fr\">Censored News<\/a><br \/>\n<a href=\"http:\/\/bsnorrell.blogspot.fr\/2012\/08\/dine-andy-dann-coal-fired-power.html\"><em>Original article in English<\/em><\/a><\/p>\n<p><em>Traduction Christine Prat<\/em><\/p>\n<p>&nbsp;<\/p>\n<p><strong>T\u00e9moignage du 9 ao\u00fbt 2012 <\/strong><br \/>\n<strong>A Nenanezad Chapter House, Navajo Land <\/strong><strong><em>[R\u00e9serve Navajo]<\/em><\/strong><\/p>\n<p>Je m\u2019appelle Andy Dann, Kinya annii ado, je suis n\u00e9 pour <em>[le clan]<\/em> Cheshei, Tacheeni ei da shi cheiis, Tabahaa ei da shi Naali. Je suis n\u00e9 \u00e0 Howell Mesa, en Arizona. Je vis depuis vingt ans \u00e0 Farmington, Nouveau-Mexique, avec ma femme et y ai \u00e9lev\u00e9 mes 6 enfants. J\u2019aimerais faire la recommandation que les millions de dollars propos\u00e9s pour le BART pourraient \u00eatre mieux utilis\u00e9s pour planifier et r\u00e9aliser la reconversion de la Centrale de San Juan en une centrale utilisant de l\u2019\u00e9nergie renouvelable et du gaz naturel. Nous devons agir maintenant afin d\u2019assurer une meilleure qualit\u00e9 de l\u2019air et de l\u2019eau potable en abondance et saine \u00e0 nos g\u00e9n\u00e9rations futures. La brume a des effets n\u00e9fastes sur nos ressources culturelles \u00e9tant donn\u00e9 que des particules polluantes dans l\u2019atmosph\u00e8re \u00e0 l\u2019aube rendent le fait de respirer malsain.<\/p>\n<p>J\u2019ai observ\u00e9 depuis plus de 60 ans l\u2019effet de l\u2019industrie du charbon sur mon peuple.<\/p>\n<p>Avant 1961, nous les Navajos vivant sur la R\u00e9serve avions le taux de mortalit\u00e9 le plus \u00e9lev\u00e9 des Etats-Unis.<\/p>\n<p>J\u2019ai travaill\u00e9 \u00e0 la centrale de San Juan et j\u2019ai commenc\u00e9 \u00e0 avoir les bras et les jambes enfl\u00e9s, des probl\u00e8mes respiratoires, et des insomnies dues \u00e0 la douleur. Je me suis tourn\u00e9 vers nos c\u00e9r\u00e9monies traditionnelles et une femme-m\u00e9decine m\u2019a dit que l\u2019air que je respirais au travail \u00e9tait le probl\u00e8me. Je suis aussi all\u00e9 \u00e0 l\u2019h\u00f4pital et les m\u00e9decins que j\u2019y ai vus m\u2019ont dit que je n\u2019avais rien.<\/p>\n<p>Un jour, j\u2019ai d\u00e9cid\u00e9 de quitter mon travail et la douleur a persist\u00e9 pendant les deux ann\u00e9es apr\u00e8s que j\u2019aie d\u00e9missionn\u00e9 de cette industrie sale. J\u2019ai des t\u00e9moignages directes sur la mani\u00e8re dont la centrale est g\u00e9r\u00e9e pour assurer la s\u00e9curit\u00e9. J\u2019ai vu de mes propres yeux comment l\u2019eau est gaspill\u00e9e pour nettoyer les unit\u00e9s de cendres volatiles.<\/p>\n<p>J\u2019ai insist\u00e9 aupr\u00e8s du D\u00e9partement de l\u2019Environnement du Nouveau-Mexique pour d\u00e9velopper une troisi\u00e8me solution, celle de la reconversion des centrales \u00e0 l\u2019\u00e9nergie renouvelable et de cours de recyclage pour ceux qui y travaillent actuellement.<\/p>\n<p>Nous pouvons avoir aussi bien de l\u2019\u00e9nergie propre et des emplois sains pour tout le monde en suivant tout simplement le bon sens.<\/p>\n<p>Merci<\/p>\n<p>Andy Dann<\/p>\n<p><a href=\"https:\/\/chrisp.lautre.net\/wpblog\/wp-content\/uploads\/4x4-244705.jpg\"><img decoding=\"async\" loading=\"lazy\" class=\"alignnone size-full wp-image-644\" title=\"4x4-24470\" alt=\"\" src=\"https:\/\/chrisp.lautre.net\/wpblog\/wp-content\/uploads\/4x4-244705.jpg\" width=\"315\" height=\"219\" srcset=\"https:\/\/chrisp.lautre.net\/wpblog\/wp-content\/uploads\/4x4-244705.jpg 315w, https:\/\/chrisp.lautre.net\/wpblog\/wp-content\/uploads\/4x4-244705-300x208.jpg 300w\" sizes=\"(max-width: 315px) 100vw, 315px\" \/><\/a><\/p>\n<p>D&#8217;autres photos des centrales au charbon sur la Reserve Navajo:<br \/>\n<a href=\"https:\/\/chrisp.lautre.net\/gallery\/thumbnails.php?album=19\">https:\/\/chrisp.lautre.net\/gallery\/thumbnails.php?album=19<\/a><br \/>\n<a href=\"http:\/\/www.thk-photo.net\/gallery\/thumbnails.php?album=48\">http:\/\/www.thk-photo.net\/gallery\/thumbnails.php?album=48<\/a><\/p>\n","protected":false},"excerpt":{"rendered":"<p>Andy Dann, Din\u00e9\u00a0: il est temps de renouveler les sources d\u2019\u00e9nergie et de mettre un terme au d\u00e9veloppement de maladies dues aux centrales et aux mines de charbon &nbsp; Par Andy Dann, Din\u00e9 [Navajo] Publi\u00e9 par Censored News Original article in English Traduction Christine Prat &nbsp; T\u00e9moignage du 9 ao\u00fbt 2012 A Nenanezad Chapter House, [&hellip;]<\/p>\n","protected":false},"author":1,"featured_media":0,"comment_status":"closed","ping_status":"open","sticky":false,"template":"","format":"standard","meta":[],"categories":[6,16],"tags":[],"_links":{"self":[{"href":"https:\/\/chrisp.lautre.net\/wpblog\/index.php?rest_route=\/wp\/v2\/posts\/922"}],"collection":[{"href":"https:\/\/chrisp.lautre.net\/wpblog\/index.php?rest_route=\/wp\/v2\/posts"}],"about":[{"href":"https:\/\/chrisp.lautre.net\/wpblog\/index.php?rest_route=\/wp\/v2\/types\/post"}],"author":[{"embeddable":true,"href":"https:\/\/chrisp.lautre.net\/wpblog\/index.php?rest_route=\/wp\/v2\/users\/1"}],"replies":[{"embeddable":true,"href":"https:\/\/chrisp.lautre.net\/wpblog\/index.php?rest_route=%2Fwp%2Fv2%2Fcomments&post=922"}],"version-history":[{"count":3,"href":"https:\/\/chrisp.lautre.net\/wpblog\/index.php?rest_route=\/wp\/v2\/posts\/922\/revisions"}],"predecessor-version":[{"id":5749,"href":"https:\/\/chrisp.lautre.net\/wpblog\/index.php?rest_route=\/wp\/v2\/posts\/922\/revisions\/5749"}],"wp:attachment":[{"href":"https:\/\/chrisp.lautre.net\/wpblog\/index.php?rest_route=%2Fwp%2Fv2%2Fmedia&parent=922"}],"wp:term":[{"taxonomy":"category","embeddable":true,"href":"https:\/\/chrisp.lautre.net\/wpblog\/index.php?rest_route=%2Fwp%2Fv2%2Fcategories&post=922"},{"taxonomy":"post_tag","embeddable":true,"href":"https:\/\/chrisp.lautre.net\/wpblog\/index.php?rest_route=%2Fwp%2Fv2%2Ftags&post=922"}],"curies":[{"name":"wp","href":"https:\/\/api.w.org\/{rel}","templated":true}]}}