{"id":8611,"date":"2025-12-14T19:10:54","date_gmt":"2025-12-14T17:10:54","guid":{"rendered":"https:\/\/chrisp.lautre.net\/wpblog\/?p=8611"},"modified":"2025-12-14T19:10:54","modified_gmt":"2025-12-14T17:10:54","slug":"leonard-peltier-dans-un-message-a-la-commemoration-dalcatraz-soutenez-la-palestine-pour-arreter-les-tueries","status":"publish","type":"post","link":"https:\/\/chrisp.lautre.net\/wpblog\/?p=8611","title":{"rendered":"LEONARD PELTIER DANS UN MESSAGE \u00c0 LA COMM\u00c9MORATION D\u2019ALCATRAZ\u00a0: SOUTENEZ LA PALESTINE POUR ARR\u00caTER LES TUERIES"},"content":{"rendered":"<p><img decoding=\"async\" loading=\"lazy\" class=\"aligncenter\" src=\"https:\/\/blogger.googleusercontent.com\/img\/b\/R29vZ2xl\/AVvXsEipolJbJ5VOedhLEMJgM1QQ5SPFcCGiOsow592I8lYTM2QV7THNIYZ2_7DHOBQjcjLa9OWWnD0xFmXVV03O3cke2CIkc9SSXQZAKZjQLrhfWOkIcDBFJd1qzudL5UNxDTCPHP3cnnVCt7yiMSCi28mkxRUTAjHCZQRpqunNteKBKk0sfkQpGx_WosPqUhDH\/s1122\/1000000550.png\" width=\"600\" height=\"987\" \/><\/p>\n<p>Brenda Norrell<br \/>\n<a href=\"https:\/\/bsnorrell.blogspot.com\/2025\/11\/peltier-to-alcatraz-commemoration-stand.html\">Censored News<\/a><br \/>\n27 novembre 2025<br \/>\n<em>Traduction Christine Prat<\/em><\/p>\n<p><strong>\u00ab\u00a0Nous voulons que les Palestiniens sachent que nous sommes avec eux\u00a0\u00bb &#8211; Leonard Peltier<\/strong><\/p>\n<p>\u00ceLE D\u2019ALCATRAZ \u2013 Leonard Peltier dit \u00e0 ceux qui se rassemblaient \u00e0 Alcatraz qu\u2019il \u00e9tait temps d\u2019arr\u00eater les tueries de petits enfants en Palestine. Dans une d\u00e9claration enregistr\u00e9e chez lui, Peltier dit qu\u2019on lui avait refus\u00e9 un permis de se rendre \u00e0 la Comm\u00e9moration de l\u2019Occupation d\u2019Alcatraz.<\/p>\n<p>Appelant \u00e0 mettre un terme aux tueries en Palestine, il dit \u00ab\u00a0C\u2019est la m\u00eame chose que ce qu\u2019ils nous ont fait.\u00a0\u00bb<\/p>\n<p>Peltier rappela que des femmes, des enfants, des nouveau-n\u00e9s se faisaient tuer. \u00ab\u00a0Tous les jours, ils les tuent, ils les assassinent.\u00a0\u00bb<\/p>\n<p>\u00ab\u00a0Il faut nous lever pour crier\u00a0\u00bb dit-il, rappelant que c\u2019\u00e9tait Biden qui avait commenc\u00e9. \u00ab\u00a0Nous devons les emp\u00eacher de tuer des petits enfants\u00a0\u00bb dit-il, appelant les gens \u00e0 faire entendre leurs voix.<br \/>\n\u00ab\u00a0Nous voulons que les Palestiniens sachent que nous sommes avec eux\u00a0: nous serons avec vous jusqu\u2019\u00e0 ce qu\u2019ils arr\u00eatent les tueries.\u00a0\u00bb<br \/>\n\u00ab\u00a0Arr\u00eatez de tuer.\u00a0\u00bb<\/p>\n<p>Peltier aurait voulu \u00eatre pr\u00e9sent, mais n\u2019a pas obtenu de permis.<\/p>\n<p>Avant l\u2019aube, \u00e0 Alcatraz, environ cinq mille personnes commen\u00e7aient \u00e0 arriver en bateaux de la baie de San Francisco. Peltier remercia les coureurs qui couraient en son nom tous les ans.<\/p>\n<p>\u00c0 propos du progr\u00e8s pour les communaut\u00e9s Indiennes, il dit \u00ab\u00a0je sens toujours que nous sommes en danger.\u00a0\u00bb<\/p>\n<p>Il dit que les restrictions de ses possibilit\u00e9s de voyager \u00e9taient tr\u00e8s dures. \u00ab\u00a0Nous essayons d\u2019y faire quelque chose.\u00a0\u00bb<\/p>\n<p>La lutte, dit-il, n\u2019est pas seulement pour sa propre libert\u00e9, mais pour la libert\u00e9 de tous.<\/p>\n<p>Ce qui arrive aux Autochtones n\u2019est pas nouveau, dit-il, \u00ab\u00a0\u00c7a fait des si\u00e8cles que \u00e7a continue.\u00a0\u00bb<\/p>\n<p>Certaines tribus ont des richesses, d\u2019autres pas. \u00ab\u00a0Ce n\u2019est pas fini\u00a0\u00bb dit-il \u00ab\u00a0certains vivent dans une extr\u00eame pauvret\u00e9.\u00a0\u00bb<\/p>\n<p>\u00ab\u00a0N\u2019ayez pas peur, r\u00e9sistez pour votre peuple\u00a0\u00bb dit-il, encourageant les jeunes \u00e0 prendre les r\u00eanes.<\/p>\n<p>Il dit qu\u2019il ne regrettait pas le sacrifice qu\u2019il avait fait pendant 49 ans en prison. \u00ab\u00a0Je le referais, je me battrais encore pour vous.\u00a0\u00bb<\/p>\n","protected":false},"excerpt":{"rendered":"<p>Brenda Norrell Censored News 27 novembre 2025 Traduction Christine Prat \u00ab\u00a0Nous voulons que les Palestiniens sachent que nous sommes avec eux\u00a0\u00bb &#8211; Leonard Peltier \u00ceLE D\u2019ALCATRAZ \u2013 Leonard Peltier dit \u00e0 ceux qui se rassemblaient \u00e0 Alcatraz qu\u2019il \u00e9tait temps d\u2019arr\u00eater les tueries de petits enfants en Palestine. Dans une d\u00e9claration enregistr\u00e9e chez lui, Peltier [&hellip;]<\/p>\n","protected":false},"author":2,"featured_media":0,"comment_status":"closed","ping_status":"open","sticky":false,"template":"","format":"standard","meta":[],"categories":[6,108],"tags":[4507,5593,5595,1147,5594],"_links":{"self":[{"href":"https:\/\/chrisp.lautre.net\/wpblog\/index.php?rest_route=\/wp\/v2\/posts\/8611"}],"collection":[{"href":"https:\/\/chrisp.lautre.net\/wpblog\/index.php?rest_route=\/wp\/v2\/posts"}],"about":[{"href":"https:\/\/chrisp.lautre.net\/wpblog\/index.php?rest_route=\/wp\/v2\/types\/post"}],"author":[{"embeddable":true,"href":"https:\/\/chrisp.lautre.net\/wpblog\/index.php?rest_route=\/wp\/v2\/users\/2"}],"replies":[{"embeddable":true,"href":"https:\/\/chrisp.lautre.net\/wpblog\/index.php?rest_route=%2Fwp%2Fv2%2Fcomments&post=8611"}],"version-history":[{"count":1,"href":"https:\/\/chrisp.lautre.net\/wpblog\/index.php?rest_route=\/wp\/v2\/posts\/8611\/revisions"}],"predecessor-version":[{"id":8612,"href":"https:\/\/chrisp.lautre.net\/wpblog\/index.php?rest_route=\/wp\/v2\/posts\/8611\/revisions\/8612"}],"wp:attachment":[{"href":"https:\/\/chrisp.lautre.net\/wpblog\/index.php?rest_route=%2Fwp%2Fv2%2Fmedia&parent=8611"}],"wp:term":[{"taxonomy":"category","embeddable":true,"href":"https:\/\/chrisp.lautre.net\/wpblog\/index.php?rest_route=%2Fwp%2Fv2%2Fcategories&post=8611"},{"taxonomy":"post_tag","embeddable":true,"href":"https:\/\/chrisp.lautre.net\/wpblog\/index.php?rest_route=%2Fwp%2Fv2%2Ftags&post=8611"}],"curies":[{"name":"wp","href":"https:\/\/api.w.org\/{rel}","templated":true}]}}