{"id":7827,"date":"2023-04-06T20:39:53","date_gmt":"2023-04-06T18:39:53","guid":{"rendered":"https:\/\/chrisp.lautre.net\/wpblog\/?p=7827"},"modified":"2023-04-08T21:49:55","modified_gmt":"2023-04-08T19:49:55","slug":"pas-de-pardon-pour-le-genocide-nous-rejetons-la-repudiation-par-leglise-catholique-de-la-doctrine-de-la-decouverte","status":"publish","type":"post","link":"https:\/\/chrisp.lautre.net\/wpblog\/?p=7827","title":{"rendered":"PAS DE PARDON POUR LE GENOCIDE\u00a0: NOUS REJETONS LA \u00ab\u00a0REPUDIATION\u00a0\u00bb PAR L\u2019EGLISE CATHOLIQUE DE LA DOCTRINE DE LA DECOUVERTE"},"content":{"rendered":"<p><a href=\"https:\/\/i0.wp.com\/www.indigenousaction.org\/wp-content\/uploads\/No-Pardon-for-Genocide-repudiation-1-jpg.webp?w=1200&amp;ssl=1\"><img decoding=\"async\" loading=\"lazy\" class=\"alignnone \" src=\"https:\/\/i0.wp.com\/www.indigenousaction.org\/wp-content\/uploads\/No-Pardon-for-Genocide-repudiation-1-jpg.webp?w=1200&amp;ssl=1\" width=\"600\" height=\"338\" \/><\/a><\/p>\n<p><em><a href=\"https:\/\/chrisp.lautre.net\/wpblog\/?attachment_id=4998\" rel=\"attachment wp-att-4998\"><img decoding=\"async\" loading=\"lazy\" class=\"alignnone size-full wp-image-4998 alignleft\" src=\"https:\/\/chrisp.lautre.net\/wpblog\/wp-content\/uploads\/OneLineFilling.jpg\" alt=\"\" width=\"600\" height=\"10\" srcset=\"https:\/\/chrisp.lautre.net\/wpblog\/wp-content\/uploads\/OneLineFilling.jpg 600w, https:\/\/chrisp.lautre.net\/wpblog\/wp-content\/uploads\/OneLineFilling-300x5.jpg 300w\" sizes=\"(max-width: 600px) 100vw, 600px\" \/><\/a><\/em><\/p>\n<p><a href=\"https:\/\/www.indigenousaction.org\/no-pardon-for-genocide-rejecting-the-catholic-churchs-repudiation-of-the-doctrine-of-discovery\/\">Par Indigenous Action<\/a><br \/>4 avril 2023<br \/><em>Traduction Christine Prat, CSIA-Nitassinan<\/em><\/p>\n<p>Le 30 mars 2023, une d\u00e9claration a \u00e9t\u00e9 publi\u00e9e par les services administratifs de la Ville-Etat du Vatican, condamnant les \u00ab\u00a0actes de violence, d\u2019oppression, d\u2019injustice sociale et d\u2019esclavage, y compris ceux commis contre les Autochtones.\u00a0\u00bb L\u2019Eglise Catholique a d\u00e9clar\u00e9 qu\u2019elle \u00ab\u00a0\u2026 r\u00e9pudiait tous ces concepts qui ne reconnaissaient pas les droits humains inh\u00e9rents des Peuples Autochtones, y compris ce qui est maintenant connu comme \u2018doctrine de la d\u00e9couverte\u2019 l\u00e9gale et politique.\u00a0\u00bb<\/p>\n<p>Nous avons l\u2019habitude des supercheries de l\u2019\u00e9glise, cette \u00ab\u00a0r\u00e9pudiation\u00a0\u00bb n\u2019est pas une exception.<\/p>\n<p>Les mots de l\u2019Eglise Catholique ne sont qu\u2019une tentative de limiter les d\u00e9g\u00e2ts et de minimiser leur h\u00e9ritage g\u00e9nocidaire, tout en obscurcissant ses profits encore tir\u00e9s de la perp\u00e9tuation de la violence coloniale.<\/p>\n<p>En 1493, la Bulle Papale \u00ab\u00a0Inter Caetera\u00a0\u00bb, fut prononc\u00e9e par le Pape Alexandre VI. Le document \u00e9tablissait la \u00ab\u00a0Doctrine de la D\u00e9couverte\u00a0\u00bb et \u00e9tait crucial pour la strat\u00e9gie de christianisation de l\u2019Espagne, afin de s\u2019assurer le \u00ab\u00a0droit exclusif\u00a0\u00bb de r\u00e9duire les Peuples Autochtones en esclavage et de s\u2019emparer des terres envahies par C. Colomb l\u2019ann\u00e9e pr\u00e9c\u00e9dente. Ce d\u00e9cret exprimait clairement la menace du Pape d\u2019assimiler de force les Peuples Autochtones au Catholicisme afin de renforcer l\u2019 \u00ab\u00a0Empire Chr\u00e9tien.\u00a0\u00bb Cette doctrine de \u00ab\u00a0civilisation\u00a0\u00bb a conduit \u00e0 des g\u00e9n\u00e9rations successives de guerres de g\u00e9nocide et d\u2019\u00e9cocide men\u00e9es par les colonisateurs europ\u00e9ens contre les vies, les terres, l\u2019esprit des Autochtones et le monde vivant de tous les \u00eatres apparent\u00e9s. \u00ab\u00a0La Destin\u00e9e Manifeste\u00a0\u00bb, l\u2019intensification de l\u2019invasion des terres Autochtones aux soi-disant Etats-Unis, \u00e9tait inspir\u00e9e et ratifi\u00e9e par cette \u00ab\u00a0Doctrine\u00a0\u00bb religieuse.<\/p>\n<p><a href=\"https:\/\/i0.wp.com\/www.indigenousaction.org\/wp-content\/uploads\/fuck-your-manifest-destiny-jpg.webp?resize=640%2C489&amp;ssl=1\"><img decoding=\"async\" loading=\"lazy\" class=\"alignright \" src=\"https:\/\/i0.wp.com\/www.indigenousaction.org\/wp-content\/uploads\/fuck-your-manifest-destiny-jpg.webp?resize=640%2C489&amp;ssl=1\" width=\"260\" height=\"199\" \/><\/a>En 1823, la \u00ab\u00a0Doctrine de la D\u00e9couverte\u00a0\u00bb fut inscrite dans la loi des Etats-Unis pour nier les droits \u00e0 la terre des Peuples Autochtones, dans une affaire devant la Cour Supr\u00eame, Johnson v. McIntosh. Au cours d\u2019une d\u00e9cision unanime, le Juge en chef John Marshall \u00e9crivit que les nations Chr\u00e9tiennes europ\u00e9ennes avaient assum\u00e9 le contr\u00f4le complet des terres de l\u2019 \u00ab\u00a0Am\u00e9rique\u00a0\u00bb pendant l\u2019 \u00ab\u00a0\u00c2ge de la D\u00e9couverte.\u00a0\u00bb Et en d\u00e9clarant leur \u00ab\u00a0ind\u00e9pendance\u00a0\u00bb de la Couronne d\u2019Angleterre en 1776, il nota que les Etats-Unis avaient en fait et donc par la loi, h\u00e9rit\u00e9 l\u2019autorit\u00e9 de ces terres de la Grande Bretagne, en d\u00e9pit de l\u2019occupation par les Autochtones, qui \u00e9taient des pa\u00efens\u2026\u00a0\u00bb Selon cette d\u00e9cision, les Peuples Autochtones n\u2019avaient aucun droit comme nations ind\u00e9pendantes, mais seulement comme locataires ou r\u00e9sidents des Etats-Unis sur leurs propres terres. La Bulle Papale inter caetera \u00e9tait inscrite dans la loi des Etats-Unis et continue d\u2019\u00eatre la base de la domination coloniale l\u00e9gale sur la vie Autochtone.<\/p>\n<p>La Doctrine de la D\u00e9couverte est contest\u00e9e depuis longtemps par les Peuples Autochtones. Depuis les ann\u00e9es 1970, de nombreuses d\u00e9l\u00e9gations se sont rendues au Vatican et exig\u00e9 la r\u00e9pudiation. Dans le territoire occup\u00e9 d\u2019Hawa\u00ef, une c\u00e9r\u00e9monie annuelle au cours de laquelle la Bulle Inter Caetera est br\u00fbl\u00e9e, se tient depuis 1997.<\/p>\n<p>En r\u00e9action \u00e0 la r\u00e9pudiation de l\u2019Eglise Catholique, des organisations Autochtones ont critiqu\u00e9 la d\u00e9claration et exprim\u00e9 l\u2019exigence que l\u2019Eglise Catholique assume sa \u00ab\u00a0responsabilit\u00e9.\u00a0\u00bb Deborah Parker, Pr\u00e9sidente de la Coalition Nationale Am\u00e9rindienne pour la Gu\u00e9rison des Pensionnats, a d\u00e9clar\u00e9\u00a0: \u00ab\u00a0Tandis que la d\u00e9cision du Vatican de renoncer \u00e0 la Doctrine de la D\u00e9couverte est celle qu\u2019il fallait prendre, elle minimise le r\u00f4le de l\u2019Eglise et sa responsabilit\u00e9 pour le mal caus\u00e9 aux Autochtones. Elle ne change pas le fait que les opinions de l\u2019Eglise ont donn\u00e9 la permission aux colonisateurs de prendre les terres des Autochtones et de les assimiler\u2026 Nous exigeons plus de transparence, entre autres l\u2019acc\u00e8s aux documents des pensionnats Indiens, qu\u2019elle a refus\u00e9 de nous communiquer. Nous exigeons que l\u2019Eglise rende aux Nations Tribales les terres sur lesquelles elle a g\u00e9r\u00e9 les pensionnats Indiens. Nous exigeons que l\u2019Eglise soutienne la Proposition de Loi V\u00e9rit\u00e9 et Gu\u00e9rison, qui \u00e9tablirait une commission f\u00e9d\u00e9rale et effectuerait une enqu\u00eate compl\u00e8te des politiques d\u2019assimilation des pensionnats Indiens aux Etats-Unis. Et nous exigeons que l\u2019Eglise respecte la souverainet\u00e9 Tribale et les mani\u00e8res d\u2019\u00eatre des Autochtones.\u00a0\u00bb<\/p>\n<p>La d\u00e9couverte de 215 restes d\u2019enfants Autochtones en 2021, dans une fosse commune d\u2019une \u00e9cole r\u00e9sidentielle au \u00ab\u00a0Canada\u00a0\u00bb, a d\u00e9clench\u00e9 une col\u00e8re collective Autochtone face \u00e0 l\u2019h\u00e9ritage violent de l\u2019\u00e9ducation coloniale forc\u00e9e. La strat\u00e9gie des pensionnats ou \u00e9coles r\u00e9sidentielles, comme elles sont appel\u00e9es au soi-disant Canada, faisait partie d\u2019une guerre politique, religieuse et id\u00e9ologique contre les Peuples Autochtones, qui visait les enfants.<\/p>\n<p>En 2007, apr\u00e8s des d\u00e9cennies de demandes de r\u00e9parations au soi-disant Canada, un accord a \u00e9t\u00e9 trouv\u00e9, dans le cadre du plus grand recours collectif auquel le gouvernement colonial ait jamais \u00e9t\u00e9 confront\u00e9. L\u2019accord comprenait le paiement d\u2019une \u00ab\u00a0exp\u00e9rience commune\u00a0\u00bb de 10 000 dollars \u00e0 environ 90 000 personnes qui avaient surv\u00e9cu aux \u00e9coles r\u00e9sidentielles, avec en plus 3000 dollars pour chaque ann\u00e9e pendant laquelle ils avaient \u00e9t\u00e9 retenus dans les \u00e9coles. Environ 200 millions de dollars ont \u00e9t\u00e9 allou\u00e9s aux programmes de gu\u00e9rison et d\u2019\u00e9ducation. Dans le cadre de cet accord, l\u2019Eglise Catholique a pay\u00e9 50 millions de dollars et a offert de payer 30 millions de plus.<\/p>\n<p>Un groupe appel\u00e9 la Commission V\u00e9rit\u00e9 sur le G\u00e9nocide au \u00ab\u00a0Canada\u00a0\u00bb, qui a accus\u00e9 les \u00e9coles r\u00e9sidentielles d\u2019\u00eatre responsables de la mort et de la disparition de milliers d\u2019enfants Autochtones, a rejet\u00e9 l\u2019accord et d\u00e9clar\u00e9 \u00ab\u00a0Ce pot-de-vin, ce b\u00e2illon l\u00e9gal est pr\u00e9sent\u00e9 comme une \u2018r\u00e9solution\u2019 d\u00e9finitive des plaintes des survivants des \u00e9coles r\u00e9sidentielles, comme si des crimes innommables comme les st\u00e9rilisations de masse, les tortures et les meurtres rituels pouvaient \u00eatre r\u00e9solus par, ou r\u00e9ductibles \u00e0 une question d\u2019argent\u2026\u00a0\u00bb<\/p>\n<p>Le 1<sup>er<\/sup> avril 2022, le Pape s\u2019est excus\u00e9 pour le r\u00f4le de l\u2019Eglise Catholique dans l\u2019assimilation violente par les \u00e9coles r\u00e9sidentielles \u00ab\u00a0canadiennes\u00a0\u00bb. Dans une d\u00e9claration \u00e9crite, le Pape a reconnu le \u00ab\u00a0manque de respect\u00a0\u00bb colonial et l\u2019assimilation forc\u00e9e et dit\u00a0: \u00ab\u00a0Pour la conduite d\u00e9plorable de ces membres de l\u2019Eglise Catholique, je demande le pardon de Dieu et je veux vous dire de tout mon c\u0153ur\u00a0: je suis absolument d\u00e9sol\u00e9. Et je me joins \u00e0 mes fr\u00e8res, les \u00e9v\u00eaques canadiens, pour vous demander pardon.\u00a0\u00bb<\/p>\n<p>Dans la r\u00e9cente d\u00e9claration de r\u00e9pudiation, l\u2019Eglise Catholique a eu l\u2019audace de dire qu\u2019alors que tant de Catholiques \u00ab\u00a0\u2026 avaient donn\u00e9 leur vie pour d\u00e9fendre la dignit\u00e9 des peuples [Autochtones]\u2026 De nombreux Chr\u00e9tiens avaient commis des actes d\u00e9moniaques contre des Autochtones, ce pourquoi des Papes r\u00e9cents avaient demand\u00e9 pardon \u00e0 de nombreuses occasions\u2026 Comme le Pape Fran\u00e7ois l\u2019a soulign\u00e9, leurs souffrances constituent une sommation puissante d\u2019abandonner la mentalit\u00e9 de colonisateur et d\u2019avancer avec eux c\u00f4te \u00e0 c\u00f4te, dans le respect mutuel et le dialogue, et de reconnaitre les droits et les valeurs culturelles de tous les individus et de tous les peuples. \u00c0 cet \u00e9gard, l\u2019Eglise s\u2019est engag\u00e9e \u00e0 accompagner les Autochtones et \u00e0 appuyer les efforts visant \u00e0 promouvoir la r\u00e9conciliation et la gu\u00e9rison.\u00a0\u00bb<\/p>\n<p>Ils ont d\u00e9clar\u00e9 cette absurdit\u00e9\u00a0: \u00ab\u00a0\u2026 l\u2019Eglise s\u2019est engag\u00e9e \u00e0 accompagner les Autochtones et \u00e0 appuyer les efforts visant \u00e0 promouvoir la r\u00e9conciliation et la gu\u00e9rison.\u00a0\u00bb<\/p>\n<p>Mais nous entendons toujours des mensonges th\u00e9ocratiques de la part de religieux autoritaires et dogmatiques qui crachent toujours leurs textes tout en assassinant au nom de leur dieu.<\/p>\n<p>Nous ne souhaitons pas \u00eatre \u00ab\u00a0accompagn\u00e9s\u00a0\u00bb par l\u2019\u00e9glise pour gu\u00e9rir. C\u2019est dans son ombre que nos traumatismes et blessures continuent. Nous refusons que notre agresseur nous tienne la main et essaie de d\u00e9finir les termes selon lesquels nous pourrions \u00ab\u00a0gu\u00e9rir\u00a0\u00bb. Des d\u00e9clarations de remords historiques ne changent rien si les syst\u00e8mes de domination coloniale et d\u2019exploitation persistent.<\/p>\n<p>L\u2019Eglise demande directement pardon, \u00ab\u00a0Ce n\u2019est que justice de reconnaitre ces erreurs, d\u2019admettre les terribles effets des politiques d\u2019assimilation et la douleur ressentie par les Autochtones, et de demander pardon.\u00a0\u00bb<\/p>\n<p>\u00c0 ceci nous d\u00e9clarons que nous emmerdons leur pardon. Comment osent-ils demander \u00ab\u00a0pardon\u00a0\u00bb alors qu\u2019ils sont sur un tr\u00f4ne pay\u00e9 par le vol de richesses, de terres, de vies et de ressources partout dans le monde\u00a0? Nous attendons le jour o\u00f9 leurs murs d\u2019effondreront autour d\u2019eux et les empires construits par leurs id\u00e9aux ne seront plus que des cendres fumantes et des ruines.<\/p>\n<p>La Chr\u00e9tient\u00e9 dans son ensemble est depuis longtemps l\u2019institution primaire de la violence coloniale h\u00e9t\u00e9ropatriarcale qui a perp\u00e9tu\u00e9 les f\u00e9minicides pendant \u00ab\u00a0l\u2019inquisition\u00a0\u00bb. Le Malleus Maleficarum et la pr\u00e9c\u00e9dente Bulle Papale Summis Desiderantes Affectibus ont \u00e9t\u00e9 explicitement utilis\u00e9s pour diaboliser et assassiner les \u00ab\u00a0sorci\u00e8res pa\u00efennes\u00a0\u00bb Autochtones dans toute l\u2019Europe. La doctrine \u00e9tait la base de l\u2019inquisition supr\u00e9maciste blanche g\u00e9nocidaire, pour \u00e9liminer les Juifs, les Musulmans, les Roms et les cultures locales d\u2019Europe, tandis qu\u2019ils se pr\u00e9paraient \u00e0 d\u00e9truire et coloniser les terres autochtones en Afrique et dans les soi-disant Am\u00e9riques.<\/p>\n<p>L\u2019histoire de leur foi est \u00e9crite dans le sang. Ils ne peuvent pas vraiment r\u00e9pudier la Doctrine de la D\u00e9couverte, parce que c\u2019est la fondation de leur \u00ab\u00a0civilisation\u00a0\u00bb. La civilisation chr\u00e9tienne a toujours \u00e9t\u00e9 une guerre spirituelle de domination de Notre M\u00e8re la Terre. Pour chaque massacre d\u2019Autochtones, une croix. Dans chaque bureau d\u2019enfant de pensionnat, une bible. Dans presque tous les bateaux d\u2019esclaves d\u2019Afrique, un Chr\u00e9tien d\u00e9vot \u00e0 la barre.<\/p>\n<p>Nous ne parlons pas du colonialisme au pass\u00e9.<\/p>\n<p>La domination et l\u2019annihilation syst\u00e9matiques des Peuples Autochtones et de leurs modes de vie, des femmes et des queers au \u00ab\u00a0nom de Dieu\u00a0\u00bb continue partout dans le monde. La Doctrine de la D\u00e9couverte alimente le travail missionnaire actuel de Catholiques et d\u2019autres sectes Chr\u00e9tiennes qui tentent de convertir violemment des Peuples Autochtones partout dans le monde. Ils tirent leurs tactiques d\u2019\u00e9vang\u00e9lisation des pratiques que l\u2019Eglise Catholique a d\u00e9velopp\u00e9es pendant l\u2019inquisition et les conqu\u00eates coloniales. Il n\u2019y a pas de diff\u00e9rence entre les projets actuels \u00e9vang\u00e9listes, Mormons, t\u00e9moins de J\u00e9hovah ou autres projets missionnaires qui envahissent l\u2019Afrique, \u00ab\u00a0l\u2019Am\u00e9rique\u00a0\u00bb du Sud et les r\u00e9serves. Toutes les d\u00e9nominations de chr\u00e9tiens missionnaires font partie de l\u2019h\u00e9ritage de la doctrine qui continue \u00e0 approuver l\u2019assimilation forc\u00e9e de Peuples Autochtones jusqu\u2019\u00e0 aujourd\u2019hui.<\/p>\n<p>C\u2019est aussi l\u2019h\u00e9ritage auquel se rallient les nationalistes supr\u00e9macistes blancs chr\u00e9tiens pour le maintenir dans tous les Etats-Unis. Ils essaient d\u2019enterrer la violence historique en attaquant le spectre de la \u00ab\u00a0Th\u00e9orie Critique de la Race\u00a0\u00bb, tout en continuant \u00e0 d\u00e9shumaniser les queers et \u00e0 attaquer l\u2019autonomie physique des femmes. La fa\u00e7ade de condamnation et d\u2019accusation de la victimisation \u00e0 grande \u00e9chelle ne suffit pas pour \u00e9chapper aux cons\u00e9quences d\u2019une histoire de g\u00e9nocide, d\u2019esclavage et d\u2019\u00e9cocide.<\/p>\n<p>L\u2019Eglise Catholique essaie de r\u00e9\u00e9crire l\u2019histoire et de se distancer de son r\u00f4le et de sa responsabilit\u00e9 dans la violence \u00e0 grande \u00e9chelle perp\u00e9tr\u00e9e partout dans le monde contre la Terre et la vie.<\/p>\n<p>La d\u00e9claration r\u00e9cente dit\u00a0: \u00ab\u00a0La \u2018Doctrine de la D\u00e9couverte ne fait pas partie des enseignements de l\u2019Eglise Catholique. La recherche historique d\u00e9montre clairement que les documents des papes en question, \u00e9crits dans une p\u00e9riode historique sp\u00e9cifique et li\u00e9s \u00e0 des questions politiques, n\u2019ont jamais \u00e9t\u00e9 consid\u00e9r\u00e9s comme des expressions de la foi Catholique\u2026 ces documents ont \u00e9t\u00e9 manipul\u00e9s pour des fins politiques par des pouvoirs coloniaux concurrents, afin de justifier les actes immoraux contre les Autochtones qui ont \u00e9t\u00e9 commis alors, sans opposition des autorit\u00e9s eccl\u00e9siastiques.\u00a0\u00bb<\/p>\n<p><a href=\"https:\/\/i0.wp.com\/www.indigenousaction.org\/wp-content\/uploads\/serra-comes-down.jpg?w=402&amp;ssl=1\"><img decoding=\"async\" loading=\"lazy\" class=\"alignleft \" src=\"https:\/\/i0.wp.com\/www.indigenousaction.org\/wp-content\/uploads\/serra-comes-down.jpg?w=402&amp;ssl=1\" width=\"259\" height=\"231\" \/><\/a>En d\u00e9pit des protestations des Autochtones, le Pape Fran\u00e7ois a canonis\u00e9 Junipero Serra en 2015. En 1769, Serra fonda la premi\u00e8re des 21 missions en soi-disant \u00ab\u00a0Californie\u00a0\u00bb. Sous la conduite de Serra, des dizaines de milliers d\u2019Autochtones ont \u00e9t\u00e9 r\u00e9duits en esclavage et brutalis\u00e9s. Quand des statues racistes ont \u00e9t\u00e9 d\u00e9molies pendant les \u00e9meutes pour George Floyd, en 2020, des statues de Junipero Serra (au moins 7 ont \u00e9t\u00e9 abattues et d\u00e9capit\u00e9es), de Christophe Colomb et d\u2019autres monuments coloniaux ont aussi \u00e9t\u00e9 d\u00e9truits. En soi-disant Californie, 5 personnes ont \u00e9t\u00e9 accus\u00e9es de crimes pour le r\u00f4le suppos\u00e9 dans la mise \u00e0 bas du monument de Serra (Pour les soutenir\u00a0: <a href=\"https:\/\/linktr.ee\/Decolonizers_Defense\">https:\/\/linktr.ee\/Decolonizers_Defense<\/a> ).<\/p>\n<p>De Po\u2019pay \u00e0 Toypurina, des anc\u00eatres Autochtones ont br\u00fbl\u00e9 leurs missions et tu\u00e9 leurs missionnaires pour d\u00e9fendre Notre M\u00e8re la Terre et tout ce qui vit. Quand toujours plus de cadavres d\u2019enfants Autochtones ont \u00e9t\u00e9 trouv\u00e9s dans des fosses communes des \u00e9coles r\u00e9sidentielles au soi-disant Canada, il a \u00e9t\u00e9 fait \u00e9tat de 68 \u00e9glises chr\u00e9tiennes vandalis\u00e9es, beaucoup par des incendies allum\u00e9s par la col\u00e8re et la vengeance Autochtones.<\/p>\n<p>Aucune excuse ne sera jamais assez. Des excuses ne suffisent pas, une dette est due sous tellement de formes qu\u2019on ne voit pas comment nous pourrions jamais la r\u00e9clamer. Tandis que beaucoup demandent des r\u00e9parations, nous devons les contrer\u00a0: nous ne cherchons aucune forme de paiement ou de r\u00e9compense autre que la ruine de ces institutions et ces id\u00e9aux de domination, de contr\u00f4le et d\u2019exploitation. Nous n\u2019adressons pas de demande \u00e0 ce que nous cherchons \u00e0 abolir. Comme les sites sacr\u00e9s sont toujours attaqu\u00e9s et les blessures interg\u00e9n\u00e9rationnelles restent ouvertes, nous continuons \u00e0 r\u00e9sister aux h\u00e9ritages extr\u00eamement brutaux et continuels de la violence religieuse coloniale. Leur r\u00e9pudiation arrive avec plus de 500 ans de retard. Nous cherchons l\u2019abolition et la vengeance.<\/p>\n<p style=\"text-align: center;\">###<\/p>\n<p><em>Voir l\u2019article pr\u00e9c\u00e9dent<\/em> : <a href=\"https:\/\/chrisp.lautre.net\/wpblog\/?p=6430\">https:\/\/chrisp.lautre.net\/wpblog\/?p=6430<\/a><\/p>\n<p><strong>Lecture recommand\u00e9e\u00a0:<\/strong><\/p>\n<p><em>Une Contre-Histoire des Etats-Unis, <\/em>Roxanne Dunbar-Ortiz<\/p>\n<p><em>\u00a0<\/em><\/p>\n\n\n<p><\/p>\n","protected":false},"excerpt":{"rendered":"<p>Par Indigenous Action4 avril 2023Traduction Christine Prat, CSIA-Nitassinan Le 30 mars 2023, une d\u00e9claration a \u00e9t\u00e9 publi\u00e9e par les services administratifs de la Ville-Etat du Vatican, condamnant les \u00ab\u00a0actes de violence, d\u2019oppression, d\u2019injustice sociale et d\u2019esclavage, y compris ceux commis contre les Autochtones.\u00a0\u00bb L\u2019Eglise Catholique a d\u00e9clar\u00e9 qu\u2019elle \u00ab\u00a0\u2026 r\u00e9pudiait tous ces concepts qui ne [&hellip;]<\/p>\n","protected":false},"author":2,"featured_media":0,"comment_status":"open","ping_status":"open","sticky":false,"template":"","format":"standard","meta":[],"categories":[2393,2919,2151,4131],"tags":[4927,1285,4133,4933,4929,4935,1440,1036,4923,4937,4931,1046,4925],"_links":{"self":[{"href":"https:\/\/chrisp.lautre.net\/wpblog\/index.php?rest_route=\/wp\/v2\/posts\/7827"}],"collection":[{"href":"https:\/\/chrisp.lautre.net\/wpblog\/index.php?rest_route=\/wp\/v2\/posts"}],"about":[{"href":"https:\/\/chrisp.lautre.net\/wpblog\/index.php?rest_route=\/wp\/v2\/types\/post"}],"author":[{"embeddable":true,"href":"https:\/\/chrisp.lautre.net\/wpblog\/index.php?rest_route=\/wp\/v2\/users\/2"}],"replies":[{"embeddable":true,"href":"https:\/\/chrisp.lautre.net\/wpblog\/index.php?rest_route=%2Fwp%2Fv2%2Fcomments&post=7827"}],"version-history":[{"count":2,"href":"https:\/\/chrisp.lautre.net\/wpblog\/index.php?rest_route=\/wp\/v2\/posts\/7827\/revisions"}],"predecessor-version":[{"id":7839,"href":"https:\/\/chrisp.lautre.net\/wpblog\/index.php?rest_route=\/wp\/v2\/posts\/7827\/revisions\/7839"}],"wp:attachment":[{"href":"https:\/\/chrisp.lautre.net\/wpblog\/index.php?rest_route=%2Fwp%2Fv2%2Fmedia&parent=7827"}],"wp:term":[{"taxonomy":"category","embeddable":true,"href":"https:\/\/chrisp.lautre.net\/wpblog\/index.php?rest_route=%2Fwp%2Fv2%2Fcategories&post=7827"},{"taxonomy":"post_tag","embeddable":true,"href":"https:\/\/chrisp.lautre.net\/wpblog\/index.php?rest_route=%2Fwp%2Fv2%2Ftags&post=7827"}],"curies":[{"name":"wp","href":"https:\/\/api.w.org\/{rel}","templated":true}]}}