{"id":7247,"date":"2022-07-25T19:25:03","date_gmt":"2022-07-25T17:25:03","guid":{"rendered":"https:\/\/chrisp.lautre.net\/wpblog\/?p=7247"},"modified":"2022-07-26T18:07:24","modified_gmt":"2022-07-26T16:07:24","slug":"les-inuvialuit-inuit-de-louest-canadien-declinent-une-invitation-a-la-visite-du-pape","status":"publish","type":"post","link":"https:\/\/chrisp.lautre.net\/wpblog\/?p=7247","title":{"rendered":"LES INUVIALUIT \u2013 INUIT DE L\u2019OUEST CANADIEN \u2013 D\u00c9CLINENT UNE INVITATION \u00c0 LA VISITE DU PAPE"},"content":{"rendered":"<p><em><a href=\"https:\/\/blogger.googleusercontent.com\/img\/b\/R29vZ2xl\/AVvXsEhITMtsa_b_USkwzQaqHjIHZuVhKZZzth_QXV6PZWp588xh052kajz7e6BgIyb7LCTtcsq_74NDRHqy5FoY2k7OFcZuCd5E-St7vTfPXICGnxBTibJk2bItqFeLjXaLbInWM7-ZzRftGcWSNJWuMMPVrt_-O1q24dISNBsdp3JfeTGLwntWTG1JdB7Hig\/w640-h378\/_MG_4287%20(1).jpeg\"><img decoding=\"async\" loading=\"lazy\" class=\"alignnone \" src=\"https:\/\/blogger.googleusercontent.com\/img\/b\/R29vZ2xl\/AVvXsEhITMtsa_b_USkwzQaqHjIHZuVhKZZzth_QXV6PZWp588xh052kajz7e6BgIyb7LCTtcsq_74NDRHqy5FoY2k7OFcZuCd5E-St7vTfPXICGnxBTibJk2bItqFeLjXaLbInWM7-ZzRftGcWSNJWuMMPVrt_-O1q24dISNBsdp3JfeTGLwntWTG1JdB7Hig\/w640-h378\/_MG_4287%20(1).jpeg\" width=\"599\" height=\"354\" \/><\/a><br \/><em><a href=\"https:\/\/chrisp.lautre.net\/wpblog\/?attachment_id=4998\" rel=\"attachment wp-att-4998\"><img decoding=\"async\" loading=\"lazy\" class=\"alignnone size-full wp-image-4998\" src=\"https:\/\/chrisp.lautre.net\/wpblog\/wp-content\/uploads\/OneLineFilling.jpg\" alt=\"\" width=\"600\" height=\"10\" srcset=\"https:\/\/chrisp.lautre.net\/wpblog\/wp-content\/uploads\/OneLineFilling.jpg 600w, https:\/\/chrisp.lautre.net\/wpblog\/wp-content\/uploads\/OneLineFilling-300x5.jpg 300w\" sizes=\"(max-width: 600px) 100vw, 600px\" \/><\/a><\/em><\/em><\/p>\n<p><strong>COMMUNIQU\u00c9 INUVIALUIT SUR LA VISITE DU PAPE<\/strong><br \/>Publi\u00e9 <a href=\"https:\/\/bsnorrell.blogspot.com\/2022\/07\/sacred-mount-graham-run-begins-as.html\">par Censored News<\/a><br \/>Le 22 juillet 2022<strong><br \/><\/strong><em>Traduction Christine Prat, CSIA-Nitassinan<\/em><\/p>\n<p><em>Wikip\u00e9dia:<br \/>Les <strong>Inuvialuit<\/strong> (singulier Inuvialuk\u00a0; le vrai peuple<a href=\"https:\/\/fr.wikipedia.org\/wiki\/Inuvialuit#cite_note-1\"><sup>1<\/sup><\/a><\/em><em>) ou les <strong>Inuits de l&#8217;Ouest canadien<\/strong> sont des <a href=\"https:\/\/fr.wikipedia.org\/wiki\/Inuits\">Inuits<\/a><\/em><em> qui vivent dans la r\u00e9gion de l&#8217;Arctique de l&#8217;Ouest canadien. Comme tous les autres Inuits, ils sont des descendants des <a href=\"https:\/\/fr.wikipedia.org\/wiki\/Culture_de_Thul%C3%A9\">Thul\u00e9<\/a><\/em><em> qui ont migr\u00e9 vers l&#8217;est depuis l&#8217;<a href=\"https:\/\/fr.wikipedia.org\/wiki\/Alaska\">Alaska<\/a><a href=\"https:\/\/fr.wikipedia.org\/wiki\/Inuvialuit#cite_note-2\"><sup>2<\/sup><\/a><\/em><em>.<br \/><\/em><em>Leur patrie &#8211; la <a href=\"https:\/\/fr.wikipedia.org\/wiki\/R%C3%A9gion_d%C3%A9sign%C3%A9e_des_Inuvialuit\">r\u00e9gion d\u00e9sign\u00e9e des Inuvialuit<\/a> &#8211; couvre la zone c\u00f4ti\u00e8re de l&#8217;<a href=\"https:\/\/fr.wikipedia.org\/wiki\/Oc%C3%A9an_Arctique\">oc\u00e9an Arctique<\/a> \u00e0 partir de la fronti\u00e8re de l&#8217;Alaska, \u00e0 l&#8217;est jusqu&#8217;\u00e0 la <a href=\"https:\/\/fr.wikipedia.org\/wiki\/Mer_de_Beaufort\">mer de Beaufort<\/a> et au-del\u00e0 du <a href=\"https:\/\/fr.wikipedia.org\/wiki\/Golfe_d%27Amundsen\">golfe d&#8217;Amundsen<\/a>, qui comprend certaines des \u00eeles de la partie occidentale de l&#8217;<a href=\"https:\/\/fr.wikipedia.org\/wiki\/Archipel_Arctique\">archipel Arctique<\/a>, ainsi que la communaut\u00e9 int\u00e9rieure d&#8217;<a href=\"https:\/\/fr.wikipedia.org\/wiki\/Aklavik\">Aklavik<\/a> et une partie du <a href=\"https:\/\/fr.wikipedia.org\/wiki\/Yukon\">Yukon<\/a><a href=\"https:\/\/fr.wikipedia.org\/wiki\/Inuvialuit#cite_note-Carte-3\"><sup>3<\/sup><\/a>. Le territoire a \u00e9t\u00e9 d\u00e9limit\u00e9 en 1984 par la <a href=\"https:\/\/fr.wikipedia.org\/w\/index.php?title=Convention_d%C3%A9finitive_des_Inuvialuit&amp;action=edit&amp;redlink=1\">Convention d\u00e9finitive des Inuvialuit<\/a><a href=\"https:\/\/fr.wikipedia.org\/wiki\/Inuvialuit#cite_note-Gouvernement-4\"><sup>4<\/sup><\/a>.<\/em><\/p>\n<p><strong>COMMUNIQU\u00c9 INUVIALUIT SUR LA VISITE DU PAPE<\/strong><\/p>\n<p>22 juillet 2022<\/p>\n<p><a href=\"https:\/\/blogger.googleusercontent.com\/img\/b\/R29vZ2xl\/AVvXsEhHTLaQnx6Jf92XSjNqOubHjvWVJA_ml98sKI_nIMSzTwBvsjaJtCspeTgnofB52kILNTxOLc0At1tkiupUPTMcmx_-nzBFG_VxbuyXe-ryHJnqrhTdeaicwC7kqexxYaM_VFohfgO6LDulsEUIiILrh-ee3XeVyTkl7iRyUMo9mqNZihjdXgceRq2ivw\/s1600\/Screenshot%202022-07-22%202.24.48%20PM.png\"><img decoding=\"async\" loading=\"lazy\" class=\"alignleft \" src=\"https:\/\/blogger.googleusercontent.com\/img\/b\/R29vZ2xl\/AVvXsEhHTLaQnx6Jf92XSjNqOubHjvWVJA_ml98sKI_nIMSzTwBvsjaJtCspeTgnofB52kILNTxOLc0At1tkiupUPTMcmx_-nzBFG_VxbuyXe-ryHJnqrhTdeaicwC7kqexxYaM_VFohfgO6LDulsEUIiILrh-ee3XeVyTkl7iRyUMo9mqNZihjdXgceRq2ivw\/s1600\/Screenshot%202022-07-22%202.24.48%20PM.png\" width=\"255\" height=\"195\" \/><\/a>La Corporation R\u00e9gionale Inuvialuit (IRC) a d\u00e9clin\u00e9 respectueusement une invitation a participer \u00e0 la visite du Pape \u00e0 Iqaluit le 29 juillet 2022, \u00e9tant donn\u00e9 qu\u2019il n\u2019est toujours pas clair si des excuses officielles seront faites ou pas.<\/p>\n<p>L\u2019\u00c9glise Catholique Romaine a dirig\u00e9 trois \u00e9coles r\u00e9sidentielles <em>[pensionnats]<\/em> dans la R\u00e9gion de Colonisation Inuvialuit (ISR). Les Inuvialuit continuent de porter le fardeau du traumatisme interg\u00e9n\u00e9rationnel caus\u00e9 par les \u00e9coles r\u00e9sidentielles et n\u2019oublieront jamais les atrocit\u00e9s.<\/p>\n<p>La Corporation R\u00e9gionale Inuvialuit reconnait la visite du Pape, mais tant qu\u2019il n\u2019y aura pas de d\u00e9claration claire de l\u2019\u00c9glise Catholique Romaine s\u2019engageant \u00e0 se pr\u00e9occuper des torts pass\u00e9s, l\u2019IRC s\u2019abstiendra de toute implication (tandis que l\u2019\u00c9glise continue de retenir tout paiement de r\u00e9parations, en d\u00e9pit de promesses faites dans l\u2019Accord de R\u00e8glement de l\u2019\u00c9cole R\u00e9sidentielle Indienne).<\/p>\n<p>L\u2019IRC esp\u00e8rerait aussi un engagement de l\u2019\u00c9glise \u00e0 travailler avec les Inuvialuit et l\u2019IRC \u00e0 une v\u00e9ritable d\u00e9marche de r\u00e9conciliation.<\/p>\n<p>Nous comprenons que certains Inuvialuit assisterons aux \u00e9v\u00e8nements faisant partie de la visite du Pape. Bien que ne participant pas elle-m\u00eame, l\u2019IRC souhaite la gu\u00e9rison aux survivants Inuvialuit et leurs familles pour la suite de leur voyage.<\/p>\n<p>En notre absence, l\u2019IRC invite le Saint Si\u00e8ge et la Conf\u00e9rence Canadienne des Ev\u00eaques Catholique (CCCB) \u00e0 r\u00e9fl\u00e9chir \u00e0 leur r\u00f4le dans la colonisation du Inuvialuit Nunangat.<\/p>\n<p style=\"text-align: center;\">&#8212;<\/p>\n<p>Voir aussi <em>[en anglais]<\/em> <a href=\"https:\/\/www.itk.ca\/inuit-call-for-justice-action-in-private-encounter-with-pope-francis\/\">Inuit Calls for Justice, Action in Private Encounter with Pope Francis<\/a><\/p>\n<p>Contact\u00a0: <a href=\"mailto:communications@inuvialuit.com\">communications@inuvialuit.com<\/a><\/p>\n<p>\u00c0 propos de la Corporation R\u00e9gionale Inuvialuit<\/p>\n<p>\u00c9tablie en 1984 pour g\u00e9rer l\u2019accord d\u00e9fini dans l\u2019Accord Final Inuvialuit (IFA), la Corporation R\u00e9gionale Inuvialuit (IRC) repr\u00e9sente les int\u00e9r\u00eats collectifs des Inuvialuit dans et au-del\u00e0 de la R\u00e9gion de Colonisation Inuvialuit (ISR). L\u2019IRC travaille continuellement \u00e0 l\u2019am\u00e9lioration du bien-\u00eatre \u00e9conomique, social et culturel des Inuvialuit, par l\u2019application de l\u2019IFA et par tous autres moyens disponibles.<\/p>\n<p><a href=\"https:\/\/chrisp.lautre.net\/wpblog\/?attachment_id=4998\" rel=\"attachment wp-att-4998\"><img decoding=\"async\" loading=\"lazy\" class=\"alignnone size-full wp-image-4998\" src=\"https:\/\/chrisp.lautre.net\/wpblog\/wp-content\/uploads\/OneLineFilling.jpg\" alt=\"\" width=\"600\" height=\"10\" srcset=\"https:\/\/chrisp.lautre.net\/wpblog\/wp-content\/uploads\/OneLineFilling.jpg 600w, https:\/\/chrisp.lautre.net\/wpblog\/wp-content\/uploads\/OneLineFilling-300x5.jpg 300w\" sizes=\"(max-width: 600px) 100vw, 600px\" \/><\/a><\/p>\n<p><em>Restes d&#8217;enfants retrouv\u00e9s aux abords d&#8217;\u00e9coles catholiques:<\/em><\/p>\n<p><a href=\"https:\/\/chrisp.lautre.net\/wpblog\/wp-content\/uploads\/2022\/07\/everychilldmatters15-4-2022s.jpg\"><img decoding=\"async\" loading=\"lazy\" class=\"alignnone size-full wp-image-7265\" src=\"https:\/\/chrisp.lautre.net\/wpblog\/wp-content\/uploads\/2022\/07\/everychilldmatters15-4-2022s.jpg\" alt=\"\" width=\"600\" height=\"373\" srcset=\"https:\/\/chrisp.lautre.net\/wpblog\/wp-content\/uploads\/2022\/07\/everychilldmatters15-4-2022s.jpg 600w, https:\/\/chrisp.lautre.net\/wpblog\/wp-content\/uploads\/2022\/07\/everychilldmatters15-4-2022s-300x187.jpg 300w\" sizes=\"(max-width: 600px) 100vw, 600px\" \/><\/a><\/p>\n<p><a href=\"https:\/\/chrisp.lautre.net\/wpblog\/?attachment_id=4998\" rel=\"attachment wp-att-4998\"><img decoding=\"async\" loading=\"lazy\" class=\"alignnone size-full wp-image-4998\" src=\"https:\/\/chrisp.lautre.net\/wpblog\/wp-content\/uploads\/OneLineFilling.jpg\" alt=\"\" width=\"600\" height=\"10\" srcset=\"https:\/\/chrisp.lautre.net\/wpblog\/wp-content\/uploads\/OneLineFilling.jpg 600w, https:\/\/chrisp.lautre.net\/wpblog\/wp-content\/uploads\/OneLineFilling-300x5.jpg 300w\" sizes=\"(max-width: 600px) 100vw, 600px\" \/><\/a><\/p>\n<p><strong>Voir aussi <\/strong><em>[en anglais] <\/em><strong><a href=\"https:\/\/www.nationalobserver.com\/2022\/07\/22\/news\/inuit-survivor-kidnapping-rape-pope\">dans la presse canadienne, les m\u00e9faits dans les \u00e9coles r\u00e9sidentielles<\/a> et la tourn\u00e9e du Pape<\/strong><\/p>\n<p><a href=\"https:\/\/www.nationalobserver.com\/sites\/nationalobserver.com\/files\/styles\/article_header_xl\/public\/img\/2022\/07\/22\/f8da6a3ab80ae78f134f84dda28ebca86ca95cba851cc73f8ed3d605010c06b4.jpg?itok=vSbRlN_3\"><img decoding=\"async\" loading=\"lazy\" class=\"alignnone \" src=\"https:\/\/www.nationalobserver.com\/sites\/nationalobserver.com\/files\/styles\/article_header_xl\/public\/img\/2022\/07\/22\/f8da6a3ab80ae78f134f84dda28ebca86ca95cba851cc73f8ed3d605010c06b4.jpg?itok=vSbRlN_3\" width=\"600\" height=\"400\" \/><\/a><\/p>\n<p>\u00ab Ce ne sera pas facile pour Peter Irniq, un survivant de l\u2019\u00e9cole r\u00e9sidentielle, de rencontrer le Pape Fran\u00e7ois \u00e0 Iqaluit, la semaine prochaine. \u00c7a sera effrayant \u00bb dit Irniq, qui a \u00e9t\u00e9 abus\u00e9 sexuellement par une religieuse \u00e0 l\u2019\u00e2ge de 11 ans, comme \u00e9l\u00e8ve de l\u2019\u00e9cole de Chesterfield Inlet, dans ce qui est maintenant le Nunavut. Par le National Observer.<\/p>\n<p><em><a href=\"https:\/\/chrisp.lautre.net\/wpblog\/?attachment_id=4998\" rel=\"attachment wp-att-4998\"><img decoding=\"async\" loading=\"lazy\" class=\"alignnone size-full wp-image-4998\" src=\"https:\/\/chrisp.lautre.net\/wpblog\/wp-content\/uploads\/OneLineFilling.jpg\" alt=\"\" width=\"600\" height=\"10\" srcset=\"https:\/\/chrisp.lautre.net\/wpblog\/wp-content\/uploads\/OneLineFilling.jpg 600w, https:\/\/chrisp.lautre.net\/wpblog\/wp-content\/uploads\/OneLineFilling-300x5.jpg 300w\" sizes=\"(max-width: 600px) 100vw, 600px\" \/><\/a><\/em><\/p>\n<p><a href=\"https:\/\/chrisp.lautre.net\/gallery\/displayimage.php?album=65&amp;pid=2299#top_display_media\"><img decoding=\"async\" loading=\"lazy\" class=\"alignnone \" src=\"https:\/\/chrisp.lautre.net\/gallery\/albums\/west\/mumil01small.jpg\" width=\"600\" height=\"402\" \/><\/a><br \/><em>9 octobre 2021, Journ\u00e9e Annuelle de Solidarit\u00e9 du CSIA, vid\u00e9o-conf\u00e9rence<\/em><\/p>\n<p><em><a href=\"https:\/\/chrisp.lautre.net\/wpblog\/?attachment_id=4998\" rel=\"attachment wp-att-4998\"><img decoding=\"async\" loading=\"lazy\" class=\"alignnone size-full wp-image-4998\" src=\"https:\/\/chrisp.lautre.net\/wpblog\/wp-content\/uploads\/OneLineFilling.jpg\" alt=\"\" width=\"600\" height=\"10\" srcset=\"https:\/\/chrisp.lautre.net\/wpblog\/wp-content\/uploads\/OneLineFilling.jpg 600w, https:\/\/chrisp.lautre.net\/wpblog\/wp-content\/uploads\/OneLineFilling-300x5.jpg 300w\" sizes=\"(max-width: 600px) 100vw, 600px\" \/><\/a><\/em><\/p>\n<p><a href=\"https:\/\/chrisp.lautre.net\/gallery\/displayimage.php?album=66&amp;pid=2303#top_display_media\"><img decoding=\"async\" loading=\"lazy\" class=\"alignnone \" src=\"https:\/\/chrisp.lautre.net\/gallery\/albums\/maps\/KKKanada_Inuvialuit.jpg\" width=\"600\" height=\"368\" \/><\/a><\/p>\n<p><a href=\"https:\/\/chrisp.lautre.net\/gallery\/displayimage.php?album=66&amp;pid=2301#top_display_media\"><img decoding=\"async\" loading=\"lazy\" class=\"alignnone \" src=\"https:\/\/chrisp.lautre.net\/gallery\/albums\/maps\/Territoire_Inuvialuit.jpg\" width=\"599\" height=\"386\" \/><\/a><\/p>\n\n\n<p><\/p>\n","protected":false},"excerpt":{"rendered":"<p>COMMUNIQU\u00c9 INUVIALUIT SUR LA VISITE DU PAPEPubli\u00e9 par Censored NewsLe 22 juillet 2022Traduction Christine Prat, CSIA-Nitassinan Wikip\u00e9dia:Les Inuvialuit (singulier Inuvialuk\u00a0; le vrai peuple1) ou les Inuits de l&#8217;Ouest canadien sont des Inuits qui vivent dans la r\u00e9gion de l&#8217;Arctique de l&#8217;Ouest canadien. Comme tous les autres Inuits, ils sont des descendants des Thul\u00e9 qui ont [&hellip;]<\/p>\n","protected":false},"author":2,"featured_media":0,"comment_status":"open","ping_status":"open","sticky":false,"template":"","format":"standard","meta":[],"categories":[4131,395],"tags":[4135,4133,4139,4145,4137,4141,4149,1046,4147,4143],"_links":{"self":[{"href":"https:\/\/chrisp.lautre.net\/wpblog\/index.php?rest_route=\/wp\/v2\/posts\/7247"}],"collection":[{"href":"https:\/\/chrisp.lautre.net\/wpblog\/index.php?rest_route=\/wp\/v2\/posts"}],"about":[{"href":"https:\/\/chrisp.lautre.net\/wpblog\/index.php?rest_route=\/wp\/v2\/types\/post"}],"author":[{"embeddable":true,"href":"https:\/\/chrisp.lautre.net\/wpblog\/index.php?rest_route=\/wp\/v2\/users\/2"}],"replies":[{"embeddable":true,"href":"https:\/\/chrisp.lautre.net\/wpblog\/index.php?rest_route=%2Fwp%2Fv2%2Fcomments&post=7247"}],"version-history":[{"count":6,"href":"https:\/\/chrisp.lautre.net\/wpblog\/index.php?rest_route=\/wp\/v2\/posts\/7247\/revisions"}],"predecessor-version":[{"id":7271,"href":"https:\/\/chrisp.lautre.net\/wpblog\/index.php?rest_route=\/wp\/v2\/posts\/7247\/revisions\/7271"}],"wp:attachment":[{"href":"https:\/\/chrisp.lautre.net\/wpblog\/index.php?rest_route=%2Fwp%2Fv2%2Fmedia&parent=7247"}],"wp:term":[{"taxonomy":"category","embeddable":true,"href":"https:\/\/chrisp.lautre.net\/wpblog\/index.php?rest_route=%2Fwp%2Fv2%2Fcategories&post=7247"},{"taxonomy":"post_tag","embeddable":true,"href":"https:\/\/chrisp.lautre.net\/wpblog\/index.php?rest_route=%2Fwp%2Fv2%2Ftags&post=7247"}],"curies":[{"name":"wp","href":"https:\/\/api.w.org\/{rel}","templated":true}]}}