{"id":6772,"date":"2021-10-20T17:38:22","date_gmt":"2021-10-20T15:38:22","guid":{"rendered":"https:\/\/chrisp.lautre.net\/wpblog\/?p=6772"},"modified":"2021-10-20T17:38:23","modified_gmt":"2021-10-20T15:38:23","slug":"jour-de-rage-autochtone-a-kinlani-flagstaff-arizona","status":"publish","type":"post","link":"https:\/\/chrisp.lautre.net\/wpblog\/?p=6772","title":{"rendered":"JOUR DE RAGE AUTOCHTONE \u00c0 KIN\u0141ANI (\u2018FLAGSTAFF, ARIZONA\u2019)"},"content":{"rendered":"<p><em><a href=\"https:\/\/chrisp.lautre.net\/wpblog\/wp-content\/uploads\/2021\/10\/Indigenous-Peoples-Day-Flagstaff-2021.jpg\"><img decoding=\"async\" loading=\"lazy\" class=\"alignnone size-full wp-image-6774\" src=\"https:\/\/chrisp.lautre.net\/wpblog\/wp-content\/uploads\/2021\/10\/Indigenous-Peoples-Day-Flagstaff-2021.jpg\" alt=\"\" width=\"600\" height=\"397\" srcset=\"https:\/\/chrisp.lautre.net\/wpblog\/wp-content\/uploads\/2021\/10\/Indigenous-Peoples-Day-Flagstaff-2021.jpg 600w, https:\/\/chrisp.lautre.net\/wpblog\/wp-content\/uploads\/2021\/10\/Indigenous-Peoples-Day-Flagstaff-2021-300x199.jpg 300w\" sizes=\"(max-width: 600px) 100vw, 600px\" \/><\/a>\u00a0<\/em><em><br \/>\n<\/em><\/p>\n<p><em><a href=\"https:\/\/chrisp.lautre.net\/wpblog\/?attachment_id=4998\" rel=\"attachment wp-att-4998\"><img decoding=\"async\" loading=\"lazy\" class=\"alignnone size-full wp-image-4998\" src=\"https:\/\/chrisp.lautre.net\/wpblog\/wp-content\/uploads\/OneLineFilling.jpg\" alt=\"\" width=\"600\" height=\"10\" srcset=\"https:\/\/chrisp.lautre.net\/wpblog\/wp-content\/uploads\/OneLineFilling.jpg 600w, https:\/\/chrisp.lautre.net\/wpblog\/wp-content\/uploads\/OneLineFilling-300x5.jpg 300w\" sizes=\"(max-width: 600px) 100vw, 600px\" \/><\/a><\/em><\/p>\n<p><a href=\"http:\/\/www.Indigenouspeoplesdayofrage.org\">Jour de Rage des Peuples Autochtones<\/a>, Deuxi\u00e8me Round \u2013 \u00e0 Kin\u0142ani<br \/>\nPubli\u00e9 par <a href=\"https:\/\/www.indigenousaction.org\/indigenous-peoples-day-of-rage-round-two-kinlani-report-back\/\">Indigenous Action Media<\/a><br \/>\n14 octobre 2021<br \/>\n<em>Traduction fran\u00e7aise Christine Prat<br \/>\n<\/em><\/p>\n<p>Au coucher du soleil, ce dimanche 10 octobre, une foule d\u2019Autochtones et de complices s\u2019est rassembl\u00e9e devant l\u2019h\u00f4tel de ville de Flagstaff et a mont\u00e9 trois tentes. Les flics sont venus pour intimider, mais de ce que nous pouvions voir, personne n\u2019\u00e9coutait ce qu\u2019ils essayaient d\u2019exprimer.<\/p>\n<p>Un contingent d\u2019un groupe Autochtone \u2018progressiste\u2019 appel\u00e9 \u2018Cercle Autochtone de Flagstaff\u2019 a essay\u00e9 de communiquer ce que la police n\u2019avait pas pu. Quelque chose comme \u2018le changement vient de la politique\u2019, \u2018ne pas vouloir que quelque chose de \u00ab\u00a0mal\u00a0\u00bb arrive aux manifestants\u2019. Il y eut quelque chose qui ressemblait \u00e0 un d\u00e9bat, mais nous n\u2019\u00e9tions pas assez proche pour entendre ce qui se passait et avons d\u00e9cid\u00e9 d\u2019ignorer cette tentative claire de r\u00e9guler le mouvement. Apr\u00e8s tout, la nuit arrivait et nous n\u2019\u00e9tions pas l\u00e0 pour discuter avec des Autochtones qui tournent autour du pouvoir.<\/p>\n<p>Un num\u00e9ro de soutien a \u00e9t\u00e9 distribu\u00e9 avec le message \u00ab\u00a0Nous ne sommes pas l\u00e0 pour que plus d\u2019entre nous soient enferm\u00e9s par le syst\u00e8me. Notre intention est de ne pas se faire arr\u00eater, et s\u2019ils essaient, de faire en sorte que \u00e7a n\u2019arrive pas.\u00a0\u00bb Des mots furent dits dans un m\u00e9gaphone, mais nous avons appris \u00e0 zapper cette fr\u00e9quence-l\u00e0, apr\u00e8s des ann\u00e9es de manifestations, le m\u00e9gaphone se retrouve toujours dans les m\u00eames mains et nos oreilles sont fatigu\u00e9es des acclamations.<\/p>\n<p>Une banderole orange ouvrait la marche, avec le slogan \u00ab\u00a0Vengez les Enfants Autochtones\u00a0\u00bb, en r\u00e9f\u00e9rence au violent h\u00e9ritage des pensionnats, qui a refait surface avec de puissants appels \u00e0 la reconnaissance des responsabilit\u00e9s, dans tous les soi-disant Etats-Unis et le KKKanada. Le groupe a commenc\u00e9 \u00e0 marcher rapidement sur le trottoir. Des flics en v\u00e9lo essayaient de nous diriger, mais nous \u00e9tions rapides. Nous les avons d\u00e9pass\u00e9s en les poussant et en scandant \u00ab\u00a0\u00c0 qui sont ces rues\u00a0? Nos rues. \u00c0 qui est ce pays\u00a0? Le pays des Autochtones.\u00a0\u00bb et nous avons pris le croisement de la Route 66 et de la rue San Francisco, qui est le croisement le plus fr\u00e9quent\u00e9 du centre-ville. Des voitures de flics sont arriv\u00e9es en trombe. La circulation dans le centre \u00e9tait compl\u00e8tement arr\u00eat\u00e9e. Le joueur de tambour a entam\u00e9 un chant de ronde, et d\u2019abord il semblait que certains d\u2019entre nous h\u00e9sitaient entre danser et tenir des banderoles. Mais nous avons pris notre temps. Le tambour continuait et le son rebondissait sur les murs de cette colonie, moins vieille que nos grands-parents. Sur les banderoles, on pouvait lire \u2018le Colonialisme est une Peste\u2019, \u2018R\u00e9sistance Autochtone\u2019, \u2018Rendez Nos Terres\u2019 <em>[\u2018Land Back\u2019]<\/em> et beaucoup d\u2019autres slogans. Elles furent entrain\u00e9es dans la danse qui a dur\u00e9 environ 20 minutes.<\/p>\n<p>A un moment, la foule s\u2019est rassembl\u00e9e autour d\u2019une statue odieuse et controvers\u00e9e d\u2019un ouvrier des chemins de fer Blanc (ce qui cache la r\u00e9alit\u00e9 du travail forc\u00e9 Chinois et l\u2019arriv\u00e9e de vagues successives d\u2019envahisseurs coloniaux par les chemins de fer). La statue fut orn\u00e9e de peinture rouge. Des participants utilis\u00e8rent des banderoles comme couverture tactique, puis continu\u00e8rent leur chemin.<\/p>\n<p>Des flics suivaient, essayant de prendre la t\u00eate du cort\u00e8ge. Quelqu\u2019un a d\u00e9clench\u00e9 un tir massif de fumig\u00e8nes. Les rues du centre de \u2018Flagstaff\u2019 semblaient emplies d\u2019anc\u00eatres en col\u00e8re \u00e9mergeant de la fum\u00e9e en scandant \u00ab\u00a0On emmerde Colomb, on emmerde la police\u00a0!\u00a0\u00bb \u00c7a semblait \u00eatre les cauchemars des colonisateurs venus hanter le futur qu\u2019ils ont vol\u00e9. En d\u00e9versant des millions de litres d\u2019eau des chiottes recycl\u00e9e sur les Pics San Francisco sacr\u00e9s. En attaquant les Autochtones SDF et en les laissant geler durant les mois d\u2019hiver. En arr\u00eatant ce qui repr\u00e9sente la moiti\u00e9 de la population Autochtone chaque ann\u00e9e. En ne faisant absolument rien quand des femmes Autochtones sont disparues ou assassin\u00e9es. Vanessa Lee. Ariel Bryant. Nicole Joe. Nous avons hurl\u00e9 leurs noms et renforc\u00e9 notre rage. Nous n\u2019\u00e9tions pas l\u00e0 pour d\u00e9battre, plaider ou n\u00e9gocier, comme les Autochtones pacifi\u00e9s qui ont essay\u00e9 de nous faire de la place dans leurs cha\u00eenes. Nous \u00e9tions l\u00e0 pour c\u00e9l\u00e9brer notre digne rage (comme les Zapatistas ont si bien nomm\u00e9 cette col\u00e8re qui est un puissant composant de si\u00e8cles de r\u00e9sistance au colonialisme). Un autre carrefour tr\u00e8s fr\u00e9quent\u00e9 fut pris et une ronde s\u2019en est suivie. Des colonisateurs hurl\u00e8rent quelque chose et s\u2019entendirent promptement signifier d\u2019aller \u2018se faire foutre\u2019. Il y eut un moment o\u00f9 la manifestation s\u2019est arr\u00eat\u00e9e dans une zone centrale de la ville, et une de nos s\u0153urs, qui avait \u00e9t\u00e9 l\u00e0 \u00e0 chaque stade intense du parcours, prit la parole (nous la citons de m\u00e9moire)\u00a0: \u00ab\u00a0Ariel Bryant \u00e9tait ma meilleure amie. Elle a disparu et les flics m\u2019ont dit de ne pas la rechercher. Elle a \u00e9t\u00e9 trouv\u00e9e morte et rien n\u2019a \u00e9t\u00e9 fait. Je suis ici pour toutes les femmes, les filles, les trans et les deux-esprits Autochtones assassin\u00e9es ou disparues.\u00a0\u00bb Une autre personne Autochtone, qui dit \u00eatre de Ts\u00e9 Bit\u2019a\u2019\u00ed, parla d\u2019une Din\u00e9 \u00e2g\u00e9e, qui s\u2019appelait Ella Mae Begay, disparue depuis des mois. \u00ab\u00a0Personne ne prend cela au s\u00e9rieux, \u00e0 part sa famille et quelques membres de la communaut\u00e9.\u00a0\u00bb Elles dirent que descendre dans la rue pour exprimer leur rage pour la disparition de parents, \u00e9tait une exp\u00e9rience forte.<\/p>\n<p>L\u2019an dernier, il y avait plus de monde dans la rue (moins de gens parce que les protestations s\u2019essoufflent\u00a0? On emmerde les activistes, de toutes fa\u00e7ons). Mais cette ann\u00e9e, l\u2019esprit et le feu \u00e9tait tout aussi intense. Certains de nos amis ne sont pas venus parce qu\u2019ils avaient des affaires en justice. D\u2019autres amis en ont assez de protester et se concentrent sur des actions directes clandestines. (Ce qui nous a donn\u00e9 le plaisir de voir des red\u00e9corations color\u00e9es se produire dans d\u2019autres espaces \u00e0 travers la ville).<\/p>\n<p>Partout, les politiciens, les flics, les colons et les vendus \u00e9taient effray\u00e9s de d\u00e9couvrir combien est fragile en r\u00e9alit\u00e9 la fa\u00e7ade de leurs structures coloniales. Les proclamations reconnues officiellement de Jour des Peuples Autochtones et leurs \u2018c\u00e9l\u00e9brations\u2019 leur \u00e9pargnent la responsabilit\u00e9 et d\u2019avoir \u00e0 rendre des comptes, dus depuis si longtemps. Quelque fois, c\u2019est l\u2019alchimie de la catharsis qui nous aide \u00e0 tenir face au d\u00e9sespoir du traumatisme produit par le colonialisme et la violence physique que nous (et le territoire aussi traumatis\u00e9) devons affronter chaque jour. Ce que nous ressentions \u00e9tait une gu\u00e9rison. Ce que nous ressentions \u00e9tait la lutte anticoloniale. Quand des monuments (et les syst\u00e8mes de violence qui les maintiennent) tombent, notre peuple ne peut que s\u2019\u00e9lever. Foutons-les tous en l\u2019air. Que le contr\u00f4le du mouvement et les \u2018scouts Indiens\u2019 aillent se faire foutre. On emmerde la proclamation par Biden d\u2019un Jour des Peuples Autochtones.<\/p>\n<p>Un hashk\u00e9 Din\u00e9 anonyme<\/p>\n","protected":false},"excerpt":{"rendered":"<p>\u00a0 Jour de Rage des Peuples Autochtones, Deuxi\u00e8me Round \u2013 \u00e0 Kin\u0142ani Publi\u00e9 par Indigenous Action Media 14 octobre 2021 Traduction fran\u00e7aise Christine Prat Au coucher du soleil, ce dimanche 10 octobre, une foule d\u2019Autochtones et de complices s\u2019est rassembl\u00e9e devant l\u2019h\u00f4tel de ville de Flagstaff et a mont\u00e9 trois tentes. Les flics sont venus [&hellip;]<\/p>\n","protected":false},"author":2,"featured_media":0,"comment_status":"closed","ping_status":"open","sticky":false,"template":"","format":"standard","meta":[],"categories":[2393,10,2151],"tags":[2709,3382,2856,2619,2144,3380,3362,3388,3386,916,3384,33,3392,3394,3390],"_links":{"self":[{"href":"https:\/\/chrisp.lautre.net\/wpblog\/index.php?rest_route=\/wp\/v2\/posts\/6772"}],"collection":[{"href":"https:\/\/chrisp.lautre.net\/wpblog\/index.php?rest_route=\/wp\/v2\/posts"}],"about":[{"href":"https:\/\/chrisp.lautre.net\/wpblog\/index.php?rest_route=\/wp\/v2\/types\/post"}],"author":[{"embeddable":true,"href":"https:\/\/chrisp.lautre.net\/wpblog\/index.php?rest_route=\/wp\/v2\/users\/2"}],"replies":[{"embeddable":true,"href":"https:\/\/chrisp.lautre.net\/wpblog\/index.php?rest_route=%2Fwp%2Fv2%2Fcomments&post=6772"}],"version-history":[{"count":1,"href":"https:\/\/chrisp.lautre.net\/wpblog\/index.php?rest_route=\/wp\/v2\/posts\/6772\/revisions"}],"predecessor-version":[{"id":6776,"href":"https:\/\/chrisp.lautre.net\/wpblog\/index.php?rest_route=\/wp\/v2\/posts\/6772\/revisions\/6776"}],"wp:attachment":[{"href":"https:\/\/chrisp.lautre.net\/wpblog\/index.php?rest_route=%2Fwp%2Fv2%2Fmedia&parent=6772"}],"wp:term":[{"taxonomy":"category","embeddable":true,"href":"https:\/\/chrisp.lautre.net\/wpblog\/index.php?rest_route=%2Fwp%2Fv2%2Fcategories&post=6772"},{"taxonomy":"post_tag","embeddable":true,"href":"https:\/\/chrisp.lautre.net\/wpblog\/index.php?rest_route=%2Fwp%2Fv2%2Ftags&post=6772"}],"curies":[{"name":"wp","href":"https:\/\/api.w.org\/{rel}","templated":true}]}}