{"id":5973,"date":"2020-07-03T21:24:06","date_gmt":"2020-07-03T19:24:06","guid":{"rendered":"https:\/\/chrisp.lautre.net\/wpblog\/?p=5973"},"modified":"2020-07-03T21:24:07","modified_gmt":"2020-07-03T19:24:07","slug":"kanahus-manuel-pourquoi-nous-ne-celebrons-pas-le-jour-du-canada-fete-nationale","status":"publish","type":"post","link":"https:\/\/chrisp.lautre.net\/wpblog\/?p=5973","title":{"rendered":"KANAHUS MANUEL: POURQUOI NOUS NE C\u00c9L\u00c9BRONS PAS LE \u2018JOUR DU CANADA\u2019 (F\u00caTE NATIONALE)"},"content":{"rendered":"<p><a href=\"https:\/\/chrisp.lautre.net\/wpblog\/?attachment_id=5974\" rel=\"attachment wp-att-5974\"><img decoding=\"async\" loading=\"lazy\" class=\"alignnone size-full wp-image-5974\" src=\"https:\/\/chrisp.lautre.net\/wpblog\/wp-content\/uploads\/2020\/07\/KanahusNoCanadaDay30-6-2020.jpg\" alt=\"\" width=\"600\" height=\"884\" srcset=\"https:\/\/chrisp.lautre.net\/wpblog\/wp-content\/uploads\/2020\/07\/KanahusNoCanadaDay30-6-2020.jpg 600w, https:\/\/chrisp.lautre.net\/wpblog\/wp-content\/uploads\/2020\/07\/KanahusNoCanadaDay30-6-2020-204x300.jpg 204w\" sizes=\"(max-width: 600px) 100vw, 600px\" \/><\/a><\/p>\n<p><a href=\"https:\/\/chrisp.lautre.net\/wpblog\/?attachment_id=4998\" rel=\"attachment wp-att-4998\"><img decoding=\"async\" loading=\"lazy\" class=\"alignnone size-full wp-image-4998\" src=\"https:\/\/chrisp.lautre.net\/wpblog\/wp-content\/uploads\/OneLineFilling.jpg\" alt=\"\" width=\"600\" height=\"10\" srcset=\"https:\/\/chrisp.lautre.net\/wpblog\/wp-content\/uploads\/OneLineFilling.jpg 600w, https:\/\/chrisp.lautre.net\/wpblog\/wp-content\/uploads\/OneLineFilling-300x5.jpg 300w\" sizes=\"(max-width: 600px) 100vw, 600px\" \/><\/a><\/p>\n<p><em>Le \u2018Jour du Canada\u2019 a eu lieu le 1<sup>er<\/sup> juillet 2020. La veille, <a href=\"https:\/\/chrisp.lautre.net\/wpblog\/?p=4262\">Kanahus Manuel<\/a>, activiste Secwepemc, de la soi-disant \u00ab\u00a0Colombie-Britannique\u00a0\u00bb, est intervenue <a href=\"https:\/\/www.facebook.com\/red.moon.1257604\/videos\/1471425439726758\/UzpfSTEwMDAwMDg4ODA3NzE3NTozMjg2NTc5Njc4MDQ4MjY5\/\">en direct sur Facebook<\/a> pour expliquer pourquoi les Autochtones ne c\u00e9l\u00e8brent pas le \u2018Jour du Canada\u2019. R\u00e9sum\u00e9 en fran\u00e7ais de son intervention ci-dessous.<\/em><\/p>\n<p><em>Christine Prat<\/em><\/p>\n<p>Kanahus Manuel<br \/>30 juin 2020<\/p>\n<p>Salut \u00e0 tous\u00a0! Je suis chez moi, \u00e0 Blue River, Tiny House Warriors, et je prends juste un peu de temps pour vous faire savoir pourquoi les Autochtones, pourquoi les Guerriers, pourquoi les d\u00e9fenseurs des terres, pourquoi nous ne c\u00e9l\u00e9brons pas le \u2018Jour du Canada\u2019.<\/p>\n<p>On m\u2019a demand\u00e9 de parler de cette question, pourquoi ne c\u00e9l\u00e9brons-nous pas le \u2018Jour du Canada\u2019.<\/p>\n<p>Le Canada n\u2019a jamais \u00e9t\u00e9 autre chose qu\u2019un pays ill\u00e9gal, envahisseur, malsain, voleur et violeur.<\/p>\n<p>Nous avons une longue histoire avec le Canada, et le Canada a viol\u00e9 absolument tous les droits que nous avons sur notre territoire. Ils n\u2019ont pas seulement pi\u00e9tin\u00e9 nos droits, ils ont commis un g\u00e9nocide envers nous. Et c\u2019est inscrit dans leurs politiques et leurs lois sur les terres. En ce qui concerne notre propre territoire, quand mon grand-p\u00e8re \u00e9tait l\u00e0, nous parlions de la Colombie-Britannique. Lorsqu\u2019ils ont \u00e9tabli la Loi Indienne, ils ont aussi \u00e9tabli la Loi sur la Colombie-Britannique, comme moyen pour eux de voler notre territoire par un trait de plume. Ce fut un moyen de faire du gouvernement de la Colombie-Britannique, gouvernement provincial de bas niveau, l\u2019instance poss\u00e9dant la juridiction et l\u2019autorit\u00e9 sur nos terres. C\u2019est pourquoi il y a ces minist\u00e8res responsables d\u2019autoriser tout ce qui concerne le projet d\u2019ol\u00e9oduc Trans Mountain.<\/p>\n<p>Mais le Canada a commis la colonisation et le g\u00e9nocide de notre peuple, et la colonisation c\u2019est la d\u00e9possession et notre d\u00e9placement forc\u00e9 de nos territoires. Et c\u2019est le c\u0153ur du probl\u00e8me, c\u2019est le fait le plus important pour les Autochtones au Canada. Parce que tous les sympt\u00f4mes de la colonisation ne sont que des sympt\u00f4mes, des sympt\u00f4mes d\u2019un probl\u00e8me bien plus grand, et le grand probl\u00e8me est que nous n\u2019avons pas de territoire. Si vous additionnez toutes nos terres au Canada, \u00e7a \u00e9quivaut \u00e0 0,2%. Ce n\u2019est m\u00eame pas 1% du pays, comme base territoriale pour construire nos Nations, pour vivre et survivre, pour prosp\u00e9rer comme il y a 1000 ans. Pour nous, il y a 153 ans, avant que le Canada ne soit institu\u00e9 et occupe notre territoire.<\/p>\n<p>Il y a toujours une occupation \u00e9trang\u00e8re, une invasion en cours, ici, au Canada. Ce n\u2019est pas quelque chose qui aurait cess\u00e9 parce que mon peuple est ici depuis un si\u00e8cle, non, il y a une invasion continue et une occupation totale en cours ici, sur le sol Autochtone, ici au Canada.<\/p>\n<p>Parmi les sympt\u00f4mes auxquels nous sommes confront\u00e9s \u00e0 cause de la d\u00e9possession de nos terres, il y a l\u2019appauvrissement\u2026 L\u2019appauvrissement est l\u2019une des principales armes contre les droits humains que l\u2019Etat Nation colonial du Canada utilise contre nous, Peuples Autochtones, parce que sans terres, nous poss\u00e9dons fort peu de choses de valeur. Seulement nos effets personnels, qui ont \u00e9t\u00e9 transport\u00e9s avec nous dans les R\u00e9serves. Avec les R\u00e9serves Indiennes qui repr\u00e9sentent 0,2% du territoire pour les Autochtones depuis tout ce temps, le gouvernement du Canada, les colons, la Famille Royale ont pu devenir tr\u00e8s riches avec le reste de notre pays.<\/p>\n<p>Ici, on peut voir que c\u2019est plein de montagnes. Ils nous ont ravi nos montagnes pour toutes sortes de choses. [\u2026] <em>[Avant],<\/em> ils n\u2019avaient jamais \u00e9t\u00e9 capables de p\u00e9n\u00e9trer nos montagnes, \u00e0 cause de leur mode de vie, faible et inf\u00e9rieur, ils n\u2019\u00e9taient pas capables de p\u00e9n\u00e9trer nos montagnes. <em>[Maintenant, ils passent]<\/em> \u00e0 travers nos montagnes, juste ici, par le col de Yellow Head. Juste derri\u00e8re il y a l\u2019autoroute n\u00b0 5, appel\u00e9e l\u2019Autoroute Yellow Head, qui conduit vers le nord \u00e0 l\u2019autoroute n\u00b0 16. C\u2019est un couloir de transport important. Ils y transportent de la machinerie lourde et des tuyaux, et tout le n\u00e9cessaire, jusqu\u2019aux sables bitumineux d\u2019Alberta. \u00c7a passe juste ici. Mais autrefois, l\u2019Autoroute Yellow Head <em>[et les autres]<\/em>, \u00e9taient imp\u00e9n\u00e9trables. Les Autochtones continuaient \u00e0 les utiliser comme pistes, mais c\u2019est la compagnie qui travaillait pour la Compagnie Hudson Bay qui a fini par transporter des marchandises par le Col de Yellow Head. Ils disaient que \u00e7a raccourcissait le temps de transport des marchandises de 6 mois. A l\u2019\u00e9poque, c\u2019\u00e9tait des fourrures, de nos montagnes jusqu\u2019\u00e0 Londres. Passer par nos montagnes raccourcissait le transport de 6 mois, pour eux.<\/p>\n<p>Le but a toujours \u00e9t\u00e9 de transporter leurs marchandises jusqu\u2019\u00e0 la c\u00f4te. Aujourd\u2019hui, \u00e7a n\u2019a pas chang\u00e9. Aujourd\u2019hui, c\u2019est le bitume qu\u2019ils extraient des sables bitumineux d\u2019Alberta, du c\u0153ur de Notre M\u00e8re. Ce sont ces bitumes de sang qu\u2019ils veulent transporter par l\u2019ol\u00e9oduc Trans Mountain, c\u2019est un conduit pour le transport. Ce transport dessert des chaines internationales, mais il a \u00e9t\u00e9 \u00e9tabli par la Compagnie de la Baie d\u2019Hudson, la Compagnie des Indes Orientales, et toutes les compagnies transnationales qui sont venues piller les ressources de nos terres. Ce n\u2019\u00e9tait pas seulement au Canada, mais dans le monde entier que \u00e7a a frapp\u00e9 les Peuples Autochtones.<\/p>\n<p>Ici, au Canada, mon grand-p\u00e8re a fait face \u00e0 Pierre Elliot Trudeau, m\u00eame chose pour mon p\u00e8re et mon oncle Bobby. Nous combattons toujours la famille Trudeau, ce n\u2019est pas nouveau, alors, quand Baby Trudeau est arriv\u00e9, et a \u00e9t\u00e9 \u00e9lu au soi-disant pouvoir, ici, au Canada, nous lui \u00e9tions d\u00e9j\u00e0 oppos\u00e9s. Parce qu\u2019il \u00e9tait mauvais et avait \u00e9t\u00e9 form\u00e9 pour \u00eatre un raciste, comme son p\u00e8re Pierre Elliot Trudeau. Ils essaient toujours de faire passer le Livre Blanc que Pierre Elliot Trudeau essayait d\u00e9j\u00e0 de faire passer, le Livre devant conduire \u00e0 notre extinction. Et aujourd\u2019hui, il y a des centaines de discussions pour la \u00ab\u00a0terminaison<a href=\"#_edn1\" name=\"_ednref1\">*<\/a>\u00a0\u00bb, entre les Chefs et Conseils de la Loi Indienne, invent\u00e9e au niveau f\u00e9d\u00e9ral, des syst\u00e8mes invent\u00e9s par le Gouvernement f\u00e9d\u00e9ral qui continue \u00e0 les payer. Ces syst\u00e8mes de Chefs et Conseils sont la colonisation. Ainsi, le Gouvernement discute \u2013 des fonctionnaires du Gouvernement discutent avec leurs propres fonctionnaires que sont les Chefs et les Conseils \u2013 pour mettre fin \u00e0 nos droits sur notre territoire. Ces tables de discussions de \u00ab\u00a0terminaison \u00bb sont graves, parce qu\u2019elles dupent les Indiens. Presque chaque bande au Canada, enfin, je dirais les deux tiers des bandes, des bandes Indiennes f\u00e9d\u00e9rales, au Canada, sont en train de discuter. Je sais qu\u2019il y a des centaines de bandes Indiennes Canadiennes en discussion de \u00ab\u00a0terminaison\u00a0\u00bb avec le Gouvernement f\u00e9d\u00e9ral.<\/p>\n<p>Nous ne c\u00e9l\u00e9brons par le \u2018Jour du Canada\u2019, parce que le Canada est toujours en train de commettre un g\u00e9nocide contre nous. Ils utilisent des termes comme \u00ab\u00a0autogouvernance\u00a0\u00bb et \u00ab\u00a0autod\u00e9termination\u00a0\u00bb, et ils les donnent aux bandes Indiennes f\u00e9d\u00e9rales \u2013 qui ne sont pas les possesseurs l\u00e9gitimes du titre, qui ne nous repr\u00e9sentent pas en tant qu\u2019Autochtones \u2013 et leur donnent l\u2019argent pour d\u00e9velopper <em>[ce qui devrait \u00eatre] <\/em>notre gouvernance traditionnelle.<\/p>\n<p>Tous les Autochtones de ce pays doivent faire tr\u00e8s, tr\u00e8s attention, et doivent rester vraiment intransigeants sur notre position de ne jamais abandonner. Nous n\u2019abandonnerons jamais notre territoire au Gouvernement f\u00e9d\u00e9ral. Nous ne serons pas dup\u00e9s par les accords d\u2019autogouvernance que le Canada va essayer d\u2019imposer. Vous pouvez peut-\u00eatre trouver l\u2019information en ligne, il y a des centaines de bandes impliqu\u00e9es dans des discussion de \u00ab\u00a0terminaison\u00a0\u00bb.<\/p>\n<p>Quelqu\u2019un m\u2019a dit \u00ab\u00a0\u00eates-vous autoris\u00e9e \u00e0 porter un masque\u00a0?\u00a0\u00bb Oui, je suis autoris\u00e9e \u00e0 porter un masque. Je pourrais porter un masque quand je veux. Mais je suis pass\u00e9e au tribunal et le juge a fini par ne pas m\u2019autoriser \u00e0 porter un masque. Alors, nous sommes retourn\u00e9s au tribunal et avons pu obtenir un amendement, donc oui, je porte un masque chaque fois que je passe le point de contr\u00f4le, je suis masqu\u00e9e pour aller partout. Et j\u2019aime porter un masque, j\u2019encourage tout le monde \u00e0 le faire, il y a beaucoup de raisons de porter un masque, l\u2019une \u00e9tant qu\u2019ils ne peuvent pas nous identifier.<\/p>\n<p>Ils veulent toujours criminaliser les d\u00e9fenseurs des terres Autochtones, ils essaient encore et encore, et esp\u00e8rent nous emprisonner pour longtemps. Ils adoreraient me mettre en prison \u00e0 cause de cet ol\u00e9oduc Trans Mountain. Mais je fais tr\u00e8s attention de ne pas me retrouver en prison. Je suis en libert\u00e9 conditionnelle en ce moment, nous passons en jugement en novembre, nous passerons plusieurs fois au tribunal en ce mois de juillet. Nous avons quatre d\u00e9fenseurs et guerriers de Tiny House sur qui p\u00e8sent des accusations et nous passerons en jugement au cours de l\u2019ann\u00e9e 2020, nous avons trois jugements, et quatre d\u2019entre nous sont accus\u00e9s. [\u2026]<\/p>\n<p>Toutes les consultations sur l\u2019ol\u00e9oduc Trans Mountain ont \u00e9chou\u00e9. Il y en a eu une premi\u00e8re, qui a \u00e9chou\u00e9, puis trois \u00e0 la suite desquelles des d\u00e9fenseurs du territoire se sont retrouv\u00e9s en prison pour avoir dit \u00ab\u00a0non\u00a0\u00bb. Nous avons le droit de dire \u00ab\u00a0non\u00a0\u00bb, mais quand nous disons \u00ab\u00a0non\u00a0\u00bb, nous nous retrouvons en prison.<\/p>\n<p>Il y a tant de choses que je voudrais dire, il y a tellement de gens touch\u00e9s par la politique du Canada qui ne c\u00e9l\u00e9brerons jamais le \u2018Jour du Canada\u2019.<\/p>\n<p>Nous avons tellement d\u2019enfants arrach\u00e9s aux bras de leurs m\u00e8res. Des familles ont mis des vid\u00e9os en ligne, qui montrent des agents de la Police Mont\u00e9e en uniforme entrant dans des h\u00f4pitaux, allant vers une femme avec un nouveau-n\u00e9 et prenant le b\u00e9b\u00e9 des bras de sa m\u00e8re, alors que les grands-parents, les tantes, la famille \u00e9largie, sont l\u00e0, acceptant de prendre soin du b\u00e9b\u00e9. Mais la Police Mont\u00e9e vient faire \u00e7a. C\u2019est ce qui arrive dans les communaut\u00e9s Indiennes. Des jeunes femmes Autochtones ont \u00e9t\u00e9 assassin\u00e9es par la police tr\u00e8s r\u00e9cemment, elles ont \u00e9t\u00e9 abattues par la police. Nous ne les oublierons jamais, nous n\u2019oublierons jamais ce qu\u2019ils ont fait \u00e0 notre peuple \u00e0 Oka. Nous avons beaucoup de camps d\u2019occupation ouverts, ici en soi-disant Colombie-Britannique. Pas seulement celui de Tiny House Warriors, et ceux des Unist\u2019ot\u2019en et Gidimt\u2019en, il y a d\u2019autres barrages, il y en a un qui dure depuis tr\u00e8s longtemps. Nous avons des camps de sans-voix, nous avons beaucoup d\u2019autres camps, des camps de p\u00eache et d\u2019autres. Ils sont permanents, m\u00eame s\u2019ils sont saisonniers, et ainsi nous affirmons nos droits sur notre terre, et que nous avons acc\u00e8s au territoire.<\/p>\n<p>Il y a des gens qui n\u2019ont m\u00eame pas acc\u00e8s aux c\u00e9r\u00e9monies, qui ne peuvent pas sortir, aller en montagne ni se sentir en s\u00e9curit\u00e9 pour je\u00fbner.<\/p>\n<p>Il va falloir organiser mon peuple. Il va falloir entrainer des hommes et des femmes qui doivent devenir des d\u00e9fenseurs. Pour que nos d\u00e9fenseurs et notre peuple, s\u2019ils d\u00e9fendent l\u2019eau et la terre, puissent aussi \u00eatre prot\u00e9g\u00e9s.<\/p>\n<p>Il y a tant de gens, d\u2019Autochtones, qui sont enferm\u00e9s et la majorit\u00e9 des prisons regorgent d\u2019Autochtones. C\u2019est encore une raison pourquoi nous ne c\u00e9l\u00e9brons pas le \u2018Jour du Canada\u2019.<\/p>\n<p>Nous avons perdu tant de notre terre et \u00e9t\u00e9 mis de forces dans des R\u00e9serves Indiennes. Nous sommes toujours confront\u00e9s aux cons\u00e9quences des Pensionnats, les \u2018\u00c9coles R\u00e9sidentielles\u2019, un traumatisme interg\u00e9n\u00e9rationnel qui continue jusqu\u2019\u00e0 aujourd\u2019hui. Ce sont les effets des \u00c9coles R\u00e9sidentielles, je suis une survivante de deuxi\u00e8me g\u00e9n\u00e9ration de l\u2019\u00c9cole R\u00e9sidentielle, c\u2019est-\u00e0-dire que je suis de la premi\u00e8re g\u00e9n\u00e9ration qui n\u2019est pas all\u00e9e dans les \u00c9coles R\u00e9sidentielles, mon p\u00e8re y est all\u00e9, tous mes grands-parents y sont all\u00e9s. Alors, nous disons en tatouant nos visages que nous d\u00e9truisons la g\u00e9n\u00e9ration qui est all\u00e9e dans les \u00c9coles R\u00e9sidentielles. Parce que nous sommes visibles. J\u2019ai eu l\u2019honneur de tatouer une des jeunes s\u0153urs qui sont ici sur le front, et elle a eu son visage tatou\u00e9 hier. Nous sommes honor\u00e9es de ramener ces lignes qu\u2019on avait fait disparaitre, mais qui revivent maintenant dans le pays Indien, afin qu\u2019ils nous voient, qu\u2019ils voient ces lignes, qu\u2019ils nous voient en tant qu\u2019Autochtones. Vous ne pouvez me regarder et penser que je suis d\u2019une race du melting pot en train de s\u2019assimiler au Canada, non\u00a0! Je parle haut et je suis fi\u00e8re, je suis ici et je porte du rouge, pas pour le Canada mais pour le sang de Notre M\u00e8re la Terre et le sang de nos gens qui se sont tant sacrifi\u00e9s pour que nous soyons ici.<\/p>\n<p>Alors, je veux seulement dire que j\u2019encourage tout le monde \u00e0 rester uni quand nous annulons le \u2018Jour du Canada\u2019. Ici, au soi-disant Canada, que nous appelons KKKanada, le pays raciste, supr\u00e9matiste qu\u2019il est.<\/p>\n<p>&#8212;&#8212;&#8212;&#8212;&#8212;&#8212;&#8212;&#8212;&#8212;&#8212;&#8212;&#8212;&#8212;&#8212;&#8212;&#8212;&#8212;&#8212;&#8212;&#8212;&#8212;&#8212;&#8212;&#8212;&#8212;&#8212;&#8212;&#8212;&#8212;&#8212;&#8212;&#8212;&#8212;-<\/p>\n<p><a href=\"#_ednref1\" name=\"_edn1\">*<\/a> Le terme anglais est \u201cTermination\u201d. Il n\u2019y a pas vraiment d\u2019\u00e9quivalent fran\u00e7ais, vu qu\u2019on n\u2019en parle pas. Wikip\u00e9dia traduit \u00ab\u00a0termination policy\u00a0\u00bb par \u00ab\u00a0politique d\u2019assimilation\u00a0\u00bb, mais c\u2019est un euph\u00e9misme\u00a0: si certains individus ayant totalement renonc\u00e9 \u00e0 leurs origines peuvent \u00eatre \u00ab\u00a0assimil\u00e9s\u00a0\u00bb, la politique de \u00ab\u00a0Termination\u00a0\u00bb peut impliquer des moyens plus radicaux pour les r\u00e9calcitrants ou ceux dont ils n\u2019ont pas besoin.<\/p>\n<p>\u00a0<\/p>\n<p>\u00a0<\/p>\n<p><em>\u00a0<\/em><\/p>\n\n\n<p><\/p>\n","protected":false},"excerpt":{"rendered":"<p>Le \u2018Jour du Canada\u2019 a eu lieu le 1er juillet 2020. La veille, Kanahus Manuel, activiste Secwepemc, de la soi-disant \u00ab\u00a0Colombie-Britannique\u00a0\u00bb, est intervenue en direct sur Facebook pour expliquer pourquoi les Autochtones ne c\u00e9l\u00e8brent pas le \u2018Jour du Canada\u2019. R\u00e9sum\u00e9 en fran\u00e7ais de son intervention ci-dessous. Christine Prat Kanahus Manuel30 juin 2020 Salut \u00e0 tous\u00a0! [&hellip;]<\/p>\n","protected":false},"author":1,"featured_media":0,"comment_status":"closed","ping_status":"open","sticky":false,"template":"","format":"standard","meta":[],"categories":[2393,395,2020],"tags":[2683,2686,2684,2638,2685,2688,1721,2691,2690,2687,2579,2689,1722,2590],"_links":{"self":[{"href":"https:\/\/chrisp.lautre.net\/wpblog\/index.php?rest_route=\/wp\/v2\/posts\/5973"}],"collection":[{"href":"https:\/\/chrisp.lautre.net\/wpblog\/index.php?rest_route=\/wp\/v2\/posts"}],"about":[{"href":"https:\/\/chrisp.lautre.net\/wpblog\/index.php?rest_route=\/wp\/v2\/types\/post"}],"author":[{"embeddable":true,"href":"https:\/\/chrisp.lautre.net\/wpblog\/index.php?rest_route=\/wp\/v2\/users\/1"}],"replies":[{"embeddable":true,"href":"https:\/\/chrisp.lautre.net\/wpblog\/index.php?rest_route=%2Fwp%2Fv2%2Fcomments&post=5973"}],"version-history":[{"count":1,"href":"https:\/\/chrisp.lautre.net\/wpblog\/index.php?rest_route=\/wp\/v2\/posts\/5973\/revisions"}],"predecessor-version":[{"id":5976,"href":"https:\/\/chrisp.lautre.net\/wpblog\/index.php?rest_route=\/wp\/v2\/posts\/5973\/revisions\/5976"}],"wp:attachment":[{"href":"https:\/\/chrisp.lautre.net\/wpblog\/index.php?rest_route=%2Fwp%2Fv2%2Fmedia&parent=5973"}],"wp:term":[{"taxonomy":"category","embeddable":true,"href":"https:\/\/chrisp.lautre.net\/wpblog\/index.php?rest_route=%2Fwp%2Fv2%2Fcategories&post=5973"},{"taxonomy":"post_tag","embeddable":true,"href":"https:\/\/chrisp.lautre.net\/wpblog\/index.php?rest_route=%2Fwp%2Fv2%2Ftags&post=5973"}],"curies":[{"name":"wp","href":"https:\/\/api.w.org\/{rel}","templated":true}]}}