{"id":395,"date":"2011-09-03T18:59:44","date_gmt":"2011-09-03T18:59:44","guid":{"rendered":"https:\/\/chrisp.lautre.net\/wpblog\/?p=395"},"modified":"2020-04-15T23:39:44","modified_gmt":"2020-04-15T21:39:44","slug":"le-service-des-forets-dalbuquerque-ferme-effraye-par-la-manifestation-pacifique-pour-les-peaks","status":"publish","type":"post","link":"https:\/\/chrisp.lautre.net\/wpblog\/?p=395","title":{"rendered":"Le Service des For\u00eats d\u2019Albuquerque ferme, effray\u00e9 par la manifestation pacifique pour les Peaks"},"content":{"rendered":"<p><a href=\"https:\/\/chrisp.lautre.net\/wpblog\/wp-content\/uploads\/Albuq1norman-ethan-photo.jpg\"><img decoding=\"async\" loading=\"lazy\" class=\"alignnone size-medium wp-image-396\" title=\"Albuq1norman ethan photo\" src=\"https:\/\/chrisp.lautre.net\/wpblog\/wp-content\/uploads\/Albuq1norman-ethan-photo-300x199.jpg\" alt=\"\" width=\"300\" height=\"199\" srcset=\"https:\/\/chrisp.lautre.net\/wpblog\/wp-content\/uploads\/Albuq1norman-ethan-photo-300x199.jpg 300w, https:\/\/chrisp.lautre.net\/wpblog\/wp-content\/uploads\/Albuq1norman-ethan-photo.jpg 640w\" sizes=\"(max-width: 300px) 100vw, 300px\" \/><\/a><\/p>\n<p><strong>JEUDI 25 AO\u00dbT 2011<\/strong><\/p>\n<p><strong>Le Service des For\u00eats d\u2019Albuquerque ferme, effray\u00e9 par la manifestation pacifique pour les Peaks<\/strong><\/p>\n<p>Par Brenda Norrell<br \/>\n<a href=\"http:\/\/www.bsnorrell.blogspot.com\">Censored News<\/a><\/p>\n<p><em>Traduction Christine Prat<\/em><\/p>\n<p>ALBUQUERQUE (Nouveau Mexique) \u2013 La manifestation de Prot\u00e9gez les Pics (Protect the Peaks) \u00e0 Albuquerque devant le si\u00e8ge du Service des For\u00eats US a tellement effray\u00e9 le Service des For\u00eats qu\u2019il a ferm\u00e9, entour\u00e9 ses issues avec du ruban de police et plac\u00e9 des policiers sur le toit.<\/p>\n<p>Cependant, Louise Benally, une Navajo de Big Mountain, Arizona, a dit qu\u2019elle avait pu entrer dans le b\u00e2timent et remettre une lettre appelant \u00e0 mettre un terme \u00e0 la destruction des Pics Sacr\u00e9s San Francisco.<\/p>\n<p>Mais il y a d\u00e9j\u00e0 eu l\u2019abattage de for\u00eat ancienne pour permettre l\u2019installation de tuyauterie devant amener l\u2019eau des \u00e9gouts pour faire de la neige \u00e0 la station de ski Snowbowl.<\/p>\n<p>El Grito News a assur\u00e9 le reportage de la manifestation. \u00ab\u00a0La force de notre c\u0153ur et de notre esprit c\u2019est nos pri\u00e8res, la force et le c\u0153ur de nos pri\u00e8res ce sont nos montagnes, et la force et le c\u0153ur de ces montagnes est notre grand esprit\u00a0\u00bb dit l\u2019organisateur de base Navajo Norman Brown aux gens rassembl\u00e9s. \u00ab\u00a0C\u2019est comme cela que nous sommes attach\u00e9s \u00e0 ce sol. C\u2019est comment et pourquoi nous ne renoncerons jamais.\u00a0\u00bb<\/p>\n<p>Louise Benally, une praticienne Navajo traditionnelle qui r\u00e9side sur les collines au pied des San Francisco Peaks, a remis une lettre au Service des For\u00eats, adress\u00e9e \u00e0 Corbin Newman, Agent Forestier R\u00e9gional, dans laquelle il est indiqu\u00e9 que le gouvernement f\u00e9d\u00e9ral a prononc\u00e9 un jugement sur les convictions religieuses de la tribu, et a trahi sa mission d\u2019\u00a0\u00ab\u00a0administrateur\u00a0\u00bb cens\u00e9 prot\u00e9ger \u00ab\u00a0les religions et traditions autochtones, et la culture qu\u2019il a par ailleurs la charge de prot\u00e9ger.\u00a0\u00bb<\/p>\n<p>Voir aussi pour plus d\u2019informations El Grito\u00a0\u00bb<br \/>\n<a href=\"http:\/\/elgritonm.org\/node\/1290\">http:\/\/elgritonm.org\/node\/1290<\/a><\/p>\n<p>Des manifestations ont eu lieu aujourd\u2019hui aux si\u00e8ges du Service des For\u00eats dans l\u2019Ouest, entre autres \u00e0 Golden, Colorado, et \u00e0 Vallejo, Californie, appelant \u00e0 mettre fin \u00e0 la destruction des San Francisco Peaks, sacr\u00e9s pour 13 Nations Am\u00e9rindiennes. Les \u2018hommes m\u00e9decine\u2019 y cueillent des plantes et\u00a0 y tiennent des c\u00e9r\u00e9monies, \u00e0 l\u2019endroit o\u00f9 la firme Snowbowl \u00e0 l\u2019intention de faire de la neige artificielle avec des eaux us\u00e9es.<\/p>\n","protected":false},"excerpt":{"rendered":"<p>JEUDI 25 AO\u00dbT 2011 Le Service des For\u00eats d\u2019Albuquerque ferme, effray\u00e9 par la manifestation pacifique pour les Peaks Par Brenda Norrell Censored News Traduction Christine Prat ALBUQUERQUE (Nouveau Mexique) \u2013 La manifestation de Prot\u00e9gez les Pics (Protect the Peaks) \u00e0 Albuquerque devant le si\u00e8ge du Service des For\u00eats US a tellement effray\u00e9 le Service des [&hellip;]<\/p>\n","protected":false},"author":1,"featured_media":0,"comment_status":"closed","ping_status":"open","sticky":false,"template":"","format":"standard","meta":[],"categories":[9],"tags":[],"_links":{"self":[{"href":"https:\/\/chrisp.lautre.net\/wpblog\/index.php?rest_route=\/wp\/v2\/posts\/395"}],"collection":[{"href":"https:\/\/chrisp.lautre.net\/wpblog\/index.php?rest_route=\/wp\/v2\/posts"}],"about":[{"href":"https:\/\/chrisp.lautre.net\/wpblog\/index.php?rest_route=\/wp\/v2\/types\/post"}],"author":[{"embeddable":true,"href":"https:\/\/chrisp.lautre.net\/wpblog\/index.php?rest_route=\/wp\/v2\/users\/1"}],"replies":[{"embeddable":true,"href":"https:\/\/chrisp.lautre.net\/wpblog\/index.php?rest_route=%2Fwp%2Fv2%2Fcomments&post=395"}],"version-history":[{"count":3,"href":"https:\/\/chrisp.lautre.net\/wpblog\/index.php?rest_route=\/wp\/v2\/posts\/395\/revisions"}],"predecessor-version":[{"id":5798,"href":"https:\/\/chrisp.lautre.net\/wpblog\/index.php?rest_route=\/wp\/v2\/posts\/395\/revisions\/5798"}],"wp:attachment":[{"href":"https:\/\/chrisp.lautre.net\/wpblog\/index.php?rest_route=%2Fwp%2Fv2%2Fmedia&parent=395"}],"wp:term":[{"taxonomy":"category","embeddable":true,"href":"https:\/\/chrisp.lautre.net\/wpblog\/index.php?rest_route=%2Fwp%2Fv2%2Fcategories&post=395"},{"taxonomy":"post_tag","embeddable":true,"href":"https:\/\/chrisp.lautre.net\/wpblog\/index.php?rest_route=%2Fwp%2Fv2%2Ftags&post=395"}],"curies":[{"name":"wp","href":"https:\/\/api.w.org\/{rel}","templated":true}]}}