{"id":2942,"date":"2015-07-11T19:32:17","date_gmt":"2015-07-11T18:32:17","guid":{"rendered":"https:\/\/chrisp.lautre.net\/wpblog\/?p=2942"},"modified":"2020-04-15T23:26:21","modified_gmt":"2020-04-15T21:26:21","slug":"la-troisieme-marche-navajo-est-en-route","status":"publish","type":"post","link":"https:\/\/chrisp.lautre.net\/wpblog\/?p=2942","title":{"rendered":"LA TROISIEME MARCHE NAVAJO EST EN ROUTE"},"content":{"rendered":"<p><a href=\"https:\/\/chrisp.lautre.net\/wpblog\/wp-content\/uploads\/NihigaalBeeIina3-7-2015Small.jpg\"><img decoding=\"async\" loading=\"lazy\" class=\" size-full wp-image-2943 alignnone\" src=\"https:\/\/chrisp.lautre.net\/wpblog\/wp-content\/uploads\/NihigaalBeeIina3-7-2015Small.jpg\" alt=\"NihigaalBeeIina3-7-2015Small\" width=\"595\" height=\"446\" srcset=\"https:\/\/chrisp.lautre.net\/wpblog\/wp-content\/uploads\/NihigaalBeeIina3-7-2015Small.jpg 595w, https:\/\/chrisp.lautre.net\/wpblog\/wp-content\/uploads\/NihigaalBeeIina3-7-2015Small-300x225.jpg 300w\" sizes=\"(max-width: 595px) 100vw, 595px\" \/><\/a><\/p>\n<p>&nbsp;<\/p>\n<p><em>\u00a0La Troisi\u00e8me Marche de Comm\u00e9moration Navajo [Voir articles sur les buts et la signification des marches, <a href=\"https:\/\/chrisp.lautre.net\/wpblog\/?p=2633\">du 3 janvier<\/a>\u00a0et <a href=\"https:\/\/chrisp.lautre.net\/wpblog\/?p=2637\">du 6 janvier<\/a>] est en route. Elle a d\u00e9but\u00e9 le 21 juin pr\u00e8s des San Francisco Peaks, la 2\u00e8me des quatre Montagnes Sacr\u00e9es vers lesquelles ils marchent. Si les Marches devaient au d\u00e9part surtout comm\u00e9morer la Longue Marche de 1864 au cours de laquelle des milliers de Navajos ont \u00e9t\u00e9 forc\u00e9s de marcher vers le camp de concentration de Bosque Redondo, au cours de leur voyage ils ont \u00e9t\u00e9 confront\u00e9s aux nouveaux probl\u00e8mes qui se posent dans et autour de la R\u00e9serve Navajo, fracturation hydraulique, puits de p\u00e9trole, mines d\u2019uranium, mines de charbon et centrales polluantes, profanation des sites sacr\u00e9s dans des buts lucratifs\u2026<\/em><br \/>\n<em>La veille de leur d\u00e9part, le 20 juin 2015, les marcheurs ont organis\u00e9 une f\u00eate, avec des concerts, de l\u2019art vivant, et des sessions d\u2019information \u00e0 la Taala Hooghan Infoshop, \u00e0 Flagstaff, AZ.<\/em><br \/>\n<em>Depuis, ils publient r\u00e9guli\u00e8rement des r\u00e9cits des \u00e9pisodes les plus marquants de leur voyage sur leur Page Facebook (Nih\u00ecgaal bee Iin\u00e0). Certains articles ont \u00e9t\u00e9 publi\u00e9s sur Censored News.<\/em><br \/>\n<em>Vous trouverez ci-dessous un r\u00e9sum\u00e9 et des citations traduites en fran\u00e7ais de ces articles.<\/em><\/p>\n<p>&nbsp;<\/p>\n<p><a href=\"https:\/\/chrisp.lautre.net\/wpblog\/wp-content\/uploads\/NihigaalBeeIina16-6-2015scheduleSmall.jpg\"><img decoding=\"async\" loading=\"lazy\" class=\"alignnone  wp-image-2951\" src=\"https:\/\/chrisp.lautre.net\/wpblog\/wp-content\/uploads\/NihigaalBeeIina16-6-2015scheduleSmall.jpg\" alt=\"NihigaalBeeIina16-6-2015scheduleSmall\" width=\"595\" height=\"255\" srcset=\"https:\/\/chrisp.lautre.net\/wpblog\/wp-content\/uploads\/NihigaalBeeIina16-6-2015scheduleSmall.jpg 600w, https:\/\/chrisp.lautre.net\/wpblog\/wp-content\/uploads\/NihigaalBeeIina16-6-2015scheduleSmall-300x129.jpg 300w\" sizes=\"(max-width: 595px) 100vw, 595px\" \/><\/a><\/p>\n<p>&nbsp;<\/p>\n<p><a href=\"https:\/\/chrisp.lautre.net\/wpblog\/wp-content\/uploads\/NihigaalBeeIina5-2-2015.jpg\"><img decoding=\"async\" loading=\"lazy\" class=\"alignright size-full wp-image-2696\" src=\"https:\/\/chrisp.lautre.net\/wpblog\/wp-content\/uploads\/NihigaalBeeIina5-2-2015.jpg\" alt=\"NihigaalBeeIina5-2-2015\" width=\"350\" height=\"233\" srcset=\"https:\/\/chrisp.lautre.net\/wpblog\/wp-content\/uploads\/NihigaalBeeIina5-2-2015.jpg 350w, https:\/\/chrisp.lautre.net\/wpblog\/wp-content\/uploads\/NihigaalBeeIina5-2-2015-300x200.jpg 300w\" sizes=\"(max-width: 350px) 100vw, 350px\" \/><\/a>\u00ab Ce dimanche, 21 juin, nous entamerons la troisi\u00e8me partie de notre voyage vers chaque Montagne Sacr\u00e9e qui d\u00e9limite notre patrie traditionnelle. Nous publions un calendrier provisoire, indiquant o\u00f9 nous serons et ce \u00e0 quoi il faut s\u2019attendre \u00e0 notre arriv\u00e9e dans chaque communaut\u00e9.<br \/>\nNous couvrirons environs 725 km au cours de cette marche, et nous constaterons de visu les effets de la contamination de l\u2019uranium, des mines de charbon, des forages pour le p\u00e9trole et le gaz, et de l\u2019exploitation de l\u2019eau dans nos territoires. Chaque pas que nous faisons est une pri\u00e8re pour la gu\u00e9rison de notre terre et de notre peuple. C\u2019est notre voie, notre pri\u00e8re collective, dans l\u2019espoir, qu\u2019en tant que Din\u00e9, nous agirons pour restaurer le Hozh\u00f3 et prot\u00e9ger notre territoire.<br \/>\nA nos jeunes, nous demandons de venir marcher pour notre terre et notre mode de vie. Nih\u00edDin\u00e9, si nous ne prenons pas le temps de prendre soin de notre sol et de nos gens, personne d\u2019autre ne le fera. \u00c7\u00e0 d\u00e9pend de nous. C\u2019est notre temps ! T\u2019\u00e1\u00e1 Hw\u00f3 Aj\u00ed T\u2019\u00e9ego !<br \/>\nNous avons besoin de votre soutien et de vos conseils \u2013 Si des gens peuvent arranger des endroits o\u00f9 nous pourrons loger en route, organiser des \u00e9v\u00e8nements communautaires, ou donner des fonds, veuillez nous contacter. Nous faisons appel \u00e0 nos gens de K\u2019\u00e9. Mettez-nous dans vos pri\u00e8res. \u00bb <em>Facebook, 16 juin 2015<\/em><\/p>\n<p>&nbsp;<\/p>\n<p><a href=\"https:\/\/chrisp.lautre.net\/gallery\/albums\/Arizona\/000-10393.jpg\"><img decoding=\"async\" loading=\"lazy\" class=\"alignleft\" src=\"https:\/\/chrisp.lautre.net\/gallery\/albums\/Arizona\/000-10393.jpg\" alt=\"\" width=\"345\" height=\"230\" \/><\/a>\u00ab y\u00e0\u2019\u00e0t\u2019\u00e9\u00e9h, nous nous pr\u00e9parons \u00e0 partir pour la troisi\u00e8me partie de notre marche ce matin. Nous appr\u00e9cions vos pri\u00e8res, votre amour et votre soutien alors que nous continuons notre Marche pour l\u2019Existence en priant pour ce qui est pr\u00e8s de notre c\u0153ur. Nous nous rassemblerons \u00e0 l\u2019angle nord-est du Sunset Crater, sur la route 89A, au nord de Flagstaff. \u00bb <em>Facebook, 21 juin 2015<\/em><\/p>\n<p>&nbsp;<\/p>\n<p>\u00ab Hier nous avons salu\u00e9 le solstice d\u2019\u00e9t\u00e9 au Sunset Crater et avons march\u00e9 sur 25 km sur la route 89 jusqu\u2019\u00e0 la bifurcation de Wupatki, d\u2019o\u00f9 nous sommes repartis ce matin. Nous avons d\u00e9cid\u00e9 de marcher t\u00f4t le matin et le soir quand il fait plus frais. Pendant les heures les plus chaudes, de 13 \u00e0 16h, nous installerons des auvents pr\u00e8s de la route et aurons des informations pour ceux qui s\u2019arr\u00eateront. Aujourd\u2019hui et demain : nous camperons \u00e0 la r\u00e9sidence Peshlakai \u00e0 Cameron.<br \/>\nNous avons besoin :<br \/>\nD\u2019un camion de soutien<br \/>\nDe produits frais<br \/>\nD\u2019au moins 200 litres d\u2019eau potable<br \/>\nD\u2019auvents pour faire de l\u2019ombre dans la journ\u00e9e<br \/>\nDe filets pour les provisions<br \/>\nDe fournitures pour r\u00e9parer les mocassins : aiguilles, tendons et cuir pour les semelles<\/p>\n<p>**Nous nous entrainons \u00e0 avoir une attitude critique vis-\u00e0-vis de notre consommation et des d\u00e9chets que nous produisons. Par exemple, tout le monde utilise des r\u00e9cipients qui nous ont \u00e9t\u00e9 donn\u00e9s pour l\u2019eau afin d\u2019\u00e9liminer l\u2019eau en bouteille. C\u2019est pourquoi il est important que nous nous procurions un tonneau d\u2019eau ! Tout ce que nous demandons peut \u00eatre d\u2019occasion, nous le pr\u00e9f\u00e9rons, afin de continuer \u00e0 prot\u00e9ger Notre M\u00e8re, Nahadz\u00e1\u00e1n ! \u00bb Facebook, 22 juin 2015<\/p>\n<p>\u00ab Aujourd\u2019hui nous marcherons de Grey Mountain \u00e0 Cameron par l\u2019ANCIENNE route 89. Nous sommes soulag\u00e9s de quitter la route principale vu que les gens roulent extr\u00eamement vite. S\u2019il vous plait, ralentissez pour les autostoppeurs ou les gens qui marchent le long de la route. Cherchez nous sur l\u2019ancienne 89 aujourd\u2019hui, arr\u00eatez vous et dites Y\u00c1\u2019\u00c1T\u2019\u00c9\u00c9 ! \u00bb <em>Facebook, 23 juin 2015<\/em><\/p>\n<p>&nbsp;<\/p>\n<p><a href=\"https:\/\/chrisp.lautre.net\/wpblog\/wp-content\/uploads\/NihigaalBeeIina24-6-2015a.jpg\"><img decoding=\"async\" loading=\"lazy\" class=\"alignleft size-medium wp-image-2944\" src=\"https:\/\/chrisp.lautre.net\/wpblog\/wp-content\/uploads\/NihigaalBeeIina24-6-2015a-300x225.jpg\" alt=\"NihigaalBeeIina24-6-2015a\" width=\"300\" height=\"225\" srcset=\"https:\/\/chrisp.lautre.net\/wpblog\/wp-content\/uploads\/NihigaalBeeIina24-6-2015a-300x225.jpg 300w, https:\/\/chrisp.lautre.net\/wpblog\/wp-content\/uploads\/NihigaalBeeIina24-6-2015a-1024x768.jpg 1024w, https:\/\/chrisp.lautre.net\/wpblog\/wp-content\/uploads\/NihigaalBeeIina24-6-2015a.jpg 2048w\" sizes=\"(max-width: 300px) 100vw, 300px\" \/><\/a>\u00ab Nous avons remarqu\u00e9 une forte pr\u00e9sence de Sable et de Graviers sur notre territoire, et not\u00e9 les \u00e9missions de produits chimiques toxiques. Les photos montrent des op\u00e9rations \u00e0 Sanders, Indian Wells et Cameron. [\u2026] Ces mines sont situ\u00e9es tr\u00e8s pr\u00e8s d\u2019\u00e9coles et de communaut\u00e9s. \u00bb <em>Facebook, 24 juin 2015<\/em><br \/>\n<a href=\"https:\/\/chrisp.lautre.net\/wpblog\/wp-content\/uploads\/NihigaalBeeIina24-6-2015b.jpg\"><img decoding=\"async\" loading=\"lazy\" class=\"alignright size-medium wp-image-2945\" src=\"https:\/\/chrisp.lautre.net\/wpblog\/wp-content\/uploads\/NihigaalBeeIina24-6-2015b-225x300.jpg\" alt=\"NihigaalBeeIina24-6-2015b\" width=\"225\" height=\"300\" srcset=\"https:\/\/chrisp.lautre.net\/wpblog\/wp-content\/uploads\/NihigaalBeeIina24-6-2015b-225x300.jpg 225w, https:\/\/chrisp.lautre.net\/wpblog\/wp-content\/uploads\/NihigaalBeeIina24-6-2015b.jpg 720w\" sizes=\"(max-width: 225px) 100vw, 225px\" \/><\/a><em>Voir l\u2019<a href=\"https:\/\/chrisp.lautre.net\/wpblog\/?p=2249\">interview de Klee Benally sur les mines abandonn\u00e9es<\/a> situ\u00e9es entre autres pr\u00e8s de Cameron \u2013 NdT.<\/em><\/p>\n<p>&nbsp;<\/p>\n<p>\u00ab Les marcheurs sont actuellement sur la route de Rifle Range (route 6731 sur la carte), juste au sud de Tuba City. Ils vont retourner sur la 89 et marcher 5 km jusqu\u2019\u00e0 Tuba City.<br \/>\nEh, Tuba City ! C\u2019est votre tour de briller ! Venez profiter de cette soir\u00e9e gratuite, amenez vos familles, vos amis et vos skateboards ! \u00bb <em>Facebook, 26 juin 2015<\/em><\/p>\n<p>&nbsp;<\/p>\n<p><a href=\"https:\/\/chrisp.lautre.net\/wpblog\/wp-content\/uploads\/NihigaalBeeIinaUranium29-6-2015Small.jpg\"><img decoding=\"async\" loading=\"lazy\" class=\" size-medium wp-image-2946 alignleft\" src=\"https:\/\/chrisp.lautre.net\/wpblog\/wp-content\/uploads\/NihigaalBeeIinaUranium29-6-2015Small-300x225.jpg\" alt=\"NihigaalBeeIinaUranium29-6-2015Small\" width=\"300\" height=\"225\" srcset=\"https:\/\/chrisp.lautre.net\/wpblog\/wp-content\/uploads\/NihigaalBeeIinaUranium29-6-2015Small-300x225.jpg 300w, https:\/\/chrisp.lautre.net\/wpblog\/wp-content\/uploads\/NihigaalBeeIinaUranium29-6-2015Small.jpg 550w\" sizes=\"(max-width: 300px) 100vw, 300px\" \/><\/a>\u00ab Au cours de la premi\u00e8re semaine de notre voyage vers Dib\u00e9 Nits\u00e1\u00e1 [Mont Hesperus, Colorado], nous avons travers\u00e9 la r\u00e9gion ouest de Nihik\u00e9yah [Notre Pays], fortement contamin\u00e9e par des d\u00e9cennies d\u2019extraction d\u2019uranium, avec plus de 100 mines d\u2019uranium abandonn\u00e9es concentr\u00e9es autour de la r\u00e9gion de Cameron. A certains endroits, la radiation est si forte qu\u2019elle ne peut \u00eatre mesur\u00e9e et est au moins 4 fois plus radioactive que ce qui a \u00e9t\u00e9 \u00e9mis par le d\u00e9sastre de Fukushima. Presque rien n\u2019a \u00e9t\u00e9 fait \u2013 ce signe d\u2019avertissement \u00e0 la mine abandonn\u00e9e derri\u00e8re le si\u00e8ge du Chapitre de Cameron est le seul dans toute la r\u00e9gion. Juste \u00e0 l\u2019est de Tuba City, il y a une vieille usine de retraitement qui recevait tout l\u2019uranium des mines de la r\u00e9gion, et qui constitue une menace de contamination pour la nappe aquif\u00e8re.<br \/>\nLe pire c\u2019est de se rendre compte que cet uranium a \u00e9t\u00e9 extrait dans le but de fabriquer des bombes pour l\u2019arsenal nucl\u00e9aire am\u00e9ricain. C\u2019est un h\u00e9ritage avec lequel notre peuple vit tous les jours, avec des cancers et autres maladies dus \u00e0 l\u2019exposition aux radiations. A l\u2019approche du 4 juillet, nous demandons \u00e0 notre peuple de r\u00e9fl\u00e9chir plus loin que le patriotisme aveugle et de voir en face la r\u00e9alit\u00e9 qui est que notre peuple et notre terre ont \u00e9t\u00e9 sacrifi\u00e9s jusqu\u2019\u00e0 aujourd\u2019hui, pour promouvoir l\u2019imp\u00e9rialisme am\u00e9ricain. <em>Facebook, 29 juin 2015, \u00e9galement <a href=\"http:\/\/bsnorrell.blogspot.fr\/2015\/06\/dine-walkers-american-imperialism.html\">publi\u00e9 sur Censored<\/a><\/em><a href=\"http:\/\/bsnorrell.blogspot.fr\/2015\/06\/dine-walkers-american-imperialism.html\"> News<\/a><\/p>\n<p>\u00ab <strong>Avec les conseils d\u2019Anciens, nous avons l\u2019intention de faire des offrandes \u00e0 la Confluence, au Fleuve Colorado, et \u00e0 la Rivi\u00e8re San Juan.<\/strong><br \/>\n<strong>NOUS APPELONS NOTRE PEUPLE A FAIRE CES OFFRANDES A NOS C\u00d4TES !<\/strong><br \/>\n<strong>Dates des offrandes :<\/strong><br \/>\n<strong>Confluence mardi 30 juin<\/strong><br \/>\n<strong>Fleuve Colorado dimanche 5 juillet<\/strong><br \/>\n<strong>Rivi\u00e8re San Juan vendredi 17 juillet<\/strong><br \/>\n<strong>Nous pratiquons activement un syst\u00e8me d\u2019\u00e9changes pour les pri\u00e8res que nous devons d\u00e9poser pour la terre. Ceci dit, si vous pouviez donner l\u2019un des objets indiqu\u00e9s ci-dessous, nous appr\u00e9cierions grandement.<\/strong><br \/>\n<strong>Paniers<\/strong><br \/>\n<strong>Poteries<\/strong><br \/>\n<strong>Tapis<\/strong><br \/>\n<strong>Tissu<\/strong><br \/>\n<strong>Tabac de la Montagne<\/strong><br \/>\n<strong>Farine de Ma\u00efs (pour les offrandes du matin ou du soir)<\/strong><br \/>\n<strong>Th\u00e9 Navajo<\/strong><br \/>\n<strong>Pollen de Ma\u00efs<\/strong><br \/>\n<strong>[\u2026]<\/strong><br \/>\n<strong>Partagez cet appel !<\/strong> \u00bb <em>Facebook, 30 juin 2015<\/em><\/p>\n<p>&nbsp;<\/p>\n<p>&nbsp;<\/p>\n","protected":false},"excerpt":{"rendered":"<p>&nbsp; \u00a0La Troisi\u00e8me Marche de Comm\u00e9moration Navajo [Voir articles sur les buts et la signification des marches, du 3 janvier\u00a0et du 6 janvier] est en route. Elle a d\u00e9but\u00e9 le 21 juin pr\u00e8s des San Francisco Peaks, la 2\u00e8me des quatre Montagnes Sacr\u00e9es vers lesquelles ils marchent. Si les Marches devaient au d\u00e9part surtout comm\u00e9morer [&hellip;]<\/p>\n","protected":false},"author":1,"featured_media":0,"comment_status":"closed","ping_status":"open","sticky":false,"template":"","format":"standard","meta":[],"categories":[948,21,8],"tags":[1090,1089,1088,1087],"_links":{"self":[{"href":"https:\/\/chrisp.lautre.net\/wpblog\/index.php?rest_route=\/wp\/v2\/posts\/2942"}],"collection":[{"href":"https:\/\/chrisp.lautre.net\/wpblog\/index.php?rest_route=\/wp\/v2\/posts"}],"about":[{"href":"https:\/\/chrisp.lautre.net\/wpblog\/index.php?rest_route=\/wp\/v2\/types\/post"}],"author":[{"embeddable":true,"href":"https:\/\/chrisp.lautre.net\/wpblog\/index.php?rest_route=\/wp\/v2\/users\/1"}],"replies":[{"embeddable":true,"href":"https:\/\/chrisp.lautre.net\/wpblog\/index.php?rest_route=%2Fwp%2Fv2%2Fcomments&post=2942"}],"version-history":[{"count":4,"href":"https:\/\/chrisp.lautre.net\/wpblog\/index.php?rest_route=\/wp\/v2\/posts\/2942\/revisions"}],"predecessor-version":[{"id":2952,"href":"https:\/\/chrisp.lautre.net\/wpblog\/index.php?rest_route=\/wp\/v2\/posts\/2942\/revisions\/2952"}],"wp:attachment":[{"href":"https:\/\/chrisp.lautre.net\/wpblog\/index.php?rest_route=%2Fwp%2Fv2%2Fmedia&parent=2942"}],"wp:term":[{"taxonomy":"category","embeddable":true,"href":"https:\/\/chrisp.lautre.net\/wpblog\/index.php?rest_route=%2Fwp%2Fv2%2Fcategories&post=2942"},{"taxonomy":"post_tag","embeddable":true,"href":"https:\/\/chrisp.lautre.net\/wpblog\/index.php?rest_route=%2Fwp%2Fv2%2Ftags&post=2942"}],"curies":[{"name":"wp","href":"https:\/\/api.w.org\/{rel}","templated":true}]}}