{"id":2359,"date":"2014-06-15T17:25:40","date_gmt":"2014-06-15T18:25:40","guid":{"rendered":"https:\/\/chrisp.lautre.net\/wpblog\/?p=2359"},"modified":"2020-04-15T23:28:32","modified_gmt":"2020-04-15T21:28:32","slug":"soutien-a-leonard-peltier-david-hill-et-klee-benally-en-france-fin-juin-2014","status":"publish","type":"post","link":"https:\/\/chrisp.lautre.net\/wpblog\/?p=2359","title":{"rendered":"SOUTIEN A LEONARD PELTIER: DAVID HILL ET KLEE BENALLY EN FRANCE FIN JUIN 2014"},"content":{"rendered":"<p><strong>DAVID HILL<\/strong> et <strong>KLEE BENALLY<\/strong> ont fait une tourn\u00e9e en France fin juin, \u00e0 Paris et en Bretagne. Le but de leur visite \u00e9tait d&#8217;obtenir du soutien pour le prisonnier politique Leonard Peltier.<\/p>\n<p>Du 27 au 29 juin, ils ont au Festival Mamm Douar, organis\u00e9 par Ingal\u00e0n Kengred, \u00e0 Saint-Nolff, pr\u00e8s de Vannes, Morbihan.<\/p>\n<p>&nbsp;<\/p>\n<p>&nbsp;<\/p>\n<p><a href=\"https:\/\/chrisp.lautre.net\/wpblog\/wp-content\/uploads\/DavidHill.jpg\"><img decoding=\"async\" loading=\"lazy\" class=\"alignleft wp-image-2357\" src=\"https:\/\/chrisp.lautre.net\/wpblog\/wp-content\/uploads\/DavidHill.jpg\" alt=\"DENVER, CO, SEPTEMBER 19, 2003_David  Hill  the National Director of the Leonard  Peltier  Defense  Committee  holds a portrait of Peltier during a rally outside the Federal Court House in Denver, CO. Leonard Peltier is included in\" width=\"300\" height=\"437\" srcset=\"https:\/\/chrisp.lautre.net\/wpblog\/wp-content\/uploads\/DavidHill.jpg 387w, https:\/\/chrisp.lautre.net\/wpblog\/wp-content\/uploads\/DavidHill-205x300.jpg 205w\" sizes=\"(max-width: 300px) 100vw, 300px\" \/><\/a><strong>DAVID HILL<\/strong> est Choctaw d\u2019Oklahoma et militant de toujours. Il est actuellement Directeur ex\u00e9cutif du Comit\u00e9 Officiel de D\u00e9fense de Leonard Peltier, son fr\u00e8re de sang dans la Danse du Soleil. Membre de l\u2019AIM, conf\u00e9rencier et historien, David a \u00e9t\u00e9 l\u2019ami et le d\u00e9fenseur de Leonard avant m\u00eame son arrestation, il y a plus de 40 ans.<br \/>\nDavid Hill sera en France pour la premi\u00e8re fois fin juin, \u00e0 l\u2019invitation du Festival Mamm Douar [Notre M\u00e8re la Terre en Breton], qui aura lieu \u00e0 Saint-Nolff, pr\u00e8s de Vannes, en Bretagne, et remercie tous ceux et celles qui participent et soutiennent le combat pour la lib\u00e9ration de Leonard.<\/p>\n<p>Vid\u00e9os :<br \/>\n<a href=\"http:\/\/youtu.be\/-lgOSkheolo\">http:\/\/youtu.be\/-lgOSkheolo<\/a><br \/>\n<a href=\"http:\/\/youtu.be\/YGPzJ9p6f2g\">http:\/\/youtu.be\/YGPzJ9p6f2g<\/a><\/p>\n<p>&nbsp;<\/p>\n<p>&nbsp;<\/p>\n<p>&nbsp;<\/p>\n<p><a href=\"https:\/\/chrisp.lautre.net\/wpblog\/wp-content\/uploads\/klee-mtn-sam-minkler.jpg\"><img decoding=\"async\" loading=\"lazy\" class=\"alignright size-full wp-image-2250\" src=\"https:\/\/chrisp.lautre.net\/wpblog\/wp-content\/uploads\/klee-mtn-sam-minkler.jpg\" alt=\"klee-mtn-sam-minkler\" width=\"275\" height=\"394\" srcset=\"https:\/\/chrisp.lautre.net\/wpblog\/wp-content\/uploads\/klee-mtn-sam-minkler.jpg 275w, https:\/\/chrisp.lautre.net\/wpblog\/wp-content\/uploads\/klee-mtn-sam-minkler-209x300.jpg 209w\" sizes=\"(max-width: 275px) 100vw, 275px\" \/><\/a><\/p>\n<p><strong>KLEE BENALLY<\/strong> est Din\u00e9 (Navajo). Musicien, danseur traditionnel, cin\u00e9aste et anarchiste Autochtone, il vit actuellement \u00e0 Flagstaff, en Arizona. Klee est originaire de Black Mesa et a travaill\u00e9 presque toute sa vie dans la r\u00e9sistance et dans les luttes pour prot\u00e9ger les terres sacr\u00e9es Autochtones. Il fut parmi ceux et celles qui tinrent le si\u00e8ge du bureau de la Patrouille des Fronti\u00e8res, en Arizona, pour mettre un terme \u00e0 la <a href=\"https:\/\/chrisp.lautre.net\/wpblog\/?p=2262\">militarisation de la fronti\u00e8re<\/a>. Il fut arr\u00eat\u00e9 \u00e0 de multiples reprises pour ses <a href=\"https:\/\/chrisp.lautre.net\/wpblog\/?p=305\">actions directes pour prot\u00e9ger les San Francisco Peaks<\/a> et d\u2019autres lieux sacr\u00e9s menac\u00e9s. Klee continue de se battre aujourd\u2019hui pour un monde vivable, sain et juste.<\/p>\n<p>&nbsp;<\/p>\n<p>&nbsp;<\/p>\n<p>&nbsp;<\/p>\n<p><a href=\"https:\/\/chrisp.lautre.net\/wpblog\/wp-content\/uploads\/klee-promo-by-Hillary-Abe.jpg\"><img decoding=\"async\" loading=\"lazy\" class=\"alignleft wp-image-1943\" src=\"https:\/\/chrisp.lautre.net\/wpblog\/wp-content\/uploads\/klee-promo-by-Hillary-Abe.jpg\" alt=\"klee-promo-by-Hillary-Abe\" width=\"399\" height=\"266\" srcset=\"https:\/\/chrisp.lautre.net\/wpblog\/wp-content\/uploads\/klee-promo-by-Hillary-Abe.jpg 600w, https:\/\/chrisp.lautre.net\/wpblog\/wp-content\/uploads\/klee-promo-by-Hillary-Abe-300x200.jpg 300w\" sizes=\"(max-width: 399px) 100vw, 399px\" \/><\/a><\/p>\n<p>Klee est actuellement coordinateur du projet Indigenous Media Action et b\u00e9n\u00e9vole pour Protect the Peaks et Taala Hooghan Infoshop. En 2004, Klee a particip\u00e9 \u00e0 la cr\u00e9ation d\u2019 Outta Your Backpack Media, un projet visant \u00e0 rendre les jeunes autonomes et leur permettre de travailler \u00e0 la justice dans les m\u00e9dias, dans les communaut\u00e9s autochtones.<br \/>\nPendant plus de 20 ans, Klee a fait partie du groupe punk-rock Blackfire qui a remport\u00e9 le prix du meilleur groupe Autochtone des Native American Music Award. Blackfire a tourn\u00e9 sur les sc\u00e8nes nationales et internationales, a jou\u00e9 sur les sc\u00e8nes du Warped Tour, au Ryman Auditorium, \u00e0 un festival dans le d\u00e9sert du Mali, \u00e0 l\u2019Olympia \u00e0 Paris. Klee a \u00e9galement \u00e9t\u00e9 membre du groupe de danse traditionnelle Din\u00e9 de renomm\u00e9e internationale, The Jones Benally Family, d\u00e8s son plus jeune \u00e2ge.<\/p>\n<p>Vid\u00e9os:<br \/>\n<a href=\"http:\/\/www.youtube.com\/watch?feature=player_embedded&amp;v=u0SEHPO8sIM\">Dernier morceau<\/a> ,<br \/>\n<a href=\"https:\/\/chrisp.lautre.net\/wpblog\/?p=2249\">Interview r\u00e9cente, sur Democray Now!<\/a> sous-titr\u00e9e et transcrite en fran\u00e7ais<a href=\"https:\/\/chrisp.lautre.net\/videosKleeSongs.html\"><br \/>\nChansons de son dernier album enregistr\u00e9es lors de son dernier passage en France<\/a><\/p>\n<p><em><br \/>\n<\/em><\/p>\n<p>&nbsp;<\/p>\n","protected":false},"excerpt":{"rendered":"<p>DAVID HILL et KLEE BENALLY ont fait une tourn\u00e9e en France fin juin, \u00e0 Paris et en Bretagne. Le but de leur visite \u00e9tait d&#8217;obtenir du soutien pour le prisonnier politique Leonard Peltier. Du 27 au 29 juin, ils ont au Festival Mamm Douar, organis\u00e9 par Ingal\u00e0n Kengred, \u00e0 Saint-Nolff, pr\u00e8s de Vannes, Morbihan. &nbsp; [&hellip;]<\/p>\n","protected":false},"author":1,"featured_media":0,"comment_status":"closed","ping_status":"open","sticky":false,"template":"","format":"standard","meta":[],"categories":[18,108],"tags":[869,872,874,870,871,36,873,875,774],"_links":{"self":[{"href":"https:\/\/chrisp.lautre.net\/wpblog\/index.php?rest_route=\/wp\/v2\/posts\/2359"}],"collection":[{"href":"https:\/\/chrisp.lautre.net\/wpblog\/index.php?rest_route=\/wp\/v2\/posts"}],"about":[{"href":"https:\/\/chrisp.lautre.net\/wpblog\/index.php?rest_route=\/wp\/v2\/types\/post"}],"author":[{"embeddable":true,"href":"https:\/\/chrisp.lautre.net\/wpblog\/index.php?rest_route=\/wp\/v2\/users\/1"}],"replies":[{"embeddable":true,"href":"https:\/\/chrisp.lautre.net\/wpblog\/index.php?rest_route=%2Fwp%2Fv2%2Fcomments&post=2359"}],"version-history":[{"count":14,"href":"https:\/\/chrisp.lautre.net\/wpblog\/index.php?rest_route=\/wp\/v2\/posts\/2359\/revisions"}],"predecessor-version":[{"id":2479,"href":"https:\/\/chrisp.lautre.net\/wpblog\/index.php?rest_route=\/wp\/v2\/posts\/2359\/revisions\/2479"}],"wp:attachment":[{"href":"https:\/\/chrisp.lautre.net\/wpblog\/index.php?rest_route=%2Fwp%2Fv2%2Fmedia&parent=2359"}],"wp:term":[{"taxonomy":"category","embeddable":true,"href":"https:\/\/chrisp.lautre.net\/wpblog\/index.php?rest_route=%2Fwp%2Fv2%2Fcategories&post=2359"},{"taxonomy":"post_tag","embeddable":true,"href":"https:\/\/chrisp.lautre.net\/wpblog\/index.php?rest_route=%2Fwp%2Fv2%2Ftags&post=2359"}],"curies":[{"name":"wp","href":"https:\/\/api.w.org\/{rel}","templated":true}]}}