{"id":1102,"date":"2012-11-05T16:28:29","date_gmt":"2012-11-05T16:28:29","guid":{"rendered":"https:\/\/chrisp.lautre.net\/wpblog\/?p=1102"},"modified":"2020-04-15T23:36:47","modified_gmt":"2020-04-15T21:36:47","slug":"le-mexique-et-les-multinationales-visent-le-rio-yaqui-comme-source-deau-apres-avoir-gaspille-et-epuise-les-autres-sources-deau-dans-le-sonora","status":"publish","type":"post","link":"https:\/\/chrisp.lautre.net\/wpblog\/?p=1102","title":{"rendered":"LE MEXIQUE ET LES MULTINATIONALES VISENT LE RIO YAQUI COMME SOURCE D\u2019EAU, APRES AVOIR GASPILL\u00c9 ET EPUISE LES AUTRES SOURCES D\u2019EAU DANS LE SONORA"},"content":{"rendered":"<p><a href=\"https:\/\/chrisp.lautre.net\/wpblog\/wp-content\/uploads\/circle-sonora.jpg\"><img decoding=\"async\" loading=\"lazy\" class=\"alignnone size-full wp-image-1103\" title=\"circle sonora\" src=\"https:\/\/chrisp.lautre.net\/wpblog\/wp-content\/uploads\/circle-sonora.jpg\" alt=\"\" width=\"575\" height=\"450\" srcset=\"https:\/\/chrisp.lautre.net\/wpblog\/wp-content\/uploads\/circle-sonora.jpg 575w, https:\/\/chrisp.lautre.net\/wpblog\/wp-content\/uploads\/circle-sonora-300x234.jpg 300w\" sizes=\"(max-width: 575px) 100vw, 575px\" \/><\/a><\/p>\n<p>&nbsp;<\/p>\n<p><strong>Les Yaqui combattent la rapacit\u00e9 des multinationales pour d\u00e9fendre l\u2019eau du Rio Yaqui<\/strong><\/p>\n<p>Par <a href=\"http:\/\/bsnorrell.blogspot.fr\">Brenda Norrell<\/a>, Censored News<br \/>\n<a href=\"http:\/\/bsnorrell.blogspot.mx\/2012\/10\/yaqui-battle-corporate-greed-to-defend.html\"><em>See original article in English<\/em><\/a><br \/>\nReportage en direct, samedi 27 octobre 2012<\/p>\n<p><em>Traduction Christine Prat<\/em><\/p>\n<p>&nbsp;<\/p>\n<p>Les Peuples Autochtones de l\u2019\u00e9tat de Sonora sont actuellement rassembl\u00e9s pour la Deuxi\u00e8me R\u00e9union des Guides Spirituels pour discuter de la protection de la terre, du vent, de l\u2019eau et autres ressources naturelles, contre les activit\u00e9s mini\u00e8res, les barrages, le trafic de drogue, le vol et le d\u00e9veloppement.<\/p>\n<p>Les non-indig\u00e8nes qui ont gaspill\u00e9 et \u00e9puis\u00e9 leurs sources d\u2019eau dans le Sonora, se tournent maintenant vers le Rio Yaqui. L\u2019eau d\u00e9tourn\u00e9e par l\u2019Aqueduc Ind\u00e9pendance \u00e9puiserait l\u2019eau des villages Yaqui dans le Sonora.<\/p>\n<p>Les Yaqui se sont mis d\u2019accord pour d\u00e9fendre leur eau contre le gouvernement, et les grandes compagnies qui veulent \u00ab\u00a0d\u00e9pouiller les richesses de la terre, du vent, de l\u2019eau et du feu. Ces \u00e9l\u00e9ments sont la source de notre vie, et ne sont pas \u00e0 vendre. Nous d\u00e9fendons la vie.\u00a0\u00bb<\/p>\n<p>La r\u00e9solution <em>[du Premier forum sur l\u2019eau chez les Yaqui en 2010 \u2013 NdT] <\/em>du Congr\u00e8s National Indig\u00e8ne ci-dessous d\u00e9crit l\u2019avidit\u00e9 des multinationales qui s\u2019en prennent maintenant aux Yaqui et autres Peuples Autochtones du Sonora.<\/p>\n<p>L\u2019\u00e9tat mexicain du Sonora est au sud de la fronti\u00e8re avec l\u2019Arizona. Parmi les peuples qui sont s\u00e9par\u00e9s par la fronti\u00e8re US\/Mexique, en Arizona et dans le Sonora, on trouve les Tohono O\u2019odham, les Cocopah, les O\u2019odham de Salt River et de Gila River et les Yaqui. (Il y a d\u2019autres Nations Indig\u00e8nes s\u00e9par\u00e9es par la fronti\u00e8re de la Californie au Texas).<\/p>\n<p><em>NdT \u2013 La R\u00e9solution ci-dessous a \u00e9t\u00e9 publi\u00e9e &#8211; et est reproduite plus bas &#8211; \u00a0en anglais et en espagnol. Ma traduction est faite \u00e0 partir de l\u2019anglais. Sur le premier forum de 2010, voir aussi, en fran\u00e7ais\u00a0: <a href=\"http:\/\/www.alternativelibertaire.org\/spip.php?article3971\">http:\/\/www.alternativelibertaire.org\/spip.php?article3971<\/a> <\/em><\/p>\n<p>&nbsp;<\/p>\n<p><strong>CONGRES NATIONAL INDIGENE<\/strong><\/p>\n<p><strong>A Vicam Pueblo, Yaqui Land, Sonora, Mexique <\/strong><\/p>\n<p>Le premier Forum pour la D\u00e9fense de l\u2019Eau <em>[2010]<\/em><\/p>\n<p>Consid\u00e9rant que depuis des temps imm\u00e9moriaux le territoire est le lieu o\u00f9 nous, peuples, nations et tribus indig\u00e8nes sommes n\u00e9s de notre m\u00e8re la terre, et o\u00f9 nous vivons fraternellement avec les plantes, les fleurs et les arbres, les animaux, les oiseaux et les insectes, dans l\u2019air, la chaleur, le soleil, la lune et les \u00e9toiles, la terre et l\u2019eau, c\u2019est notre maison, notre nourriture et notre gu\u00e9rison.<\/p>\n<p>Nous consid\u00e9rons aussi que sur le territoire de la tribu Yaqui, depuis que notre peuple existe, nous avons honor\u00e9 la terre et l\u2019eau, par l\u2019\u00e9dification de notre culture qui florissait pr\u00e8s de la rivi\u00e8re, UU JIAME, connue maintenant comme le Rio Yaqui, que le gouvernement actuel veut nous voler, et tuer notre origine, notre identit\u00e9 et la vie m\u00eame.<\/p>\n<p>Nous consid\u00e9rons que depuis plus de 518 ans d\u2019histoire nous avons souffert dans la chair de notre c\u0153ur, et par la guerre d\u2019extermination men\u00e9e par les puissants. Ceci \u00e9tant, la lutte de nos peuples, nations et tribus a toujours \u00e9t\u00e9, en principe, l\u2019autonomie \u00e0 travers l\u2019histoire, comme r\u00e9sultat des si\u00e8cles de r\u00e9sistance qu\u2019a \u00e9t\u00e9 notre cheminement.<\/p>\n<p>Nous consid\u00e9rons que notre M\u00e8re la Terre et l\u2019existence de l\u2019humanit\u00e9 sont menac\u00e9es par le syst\u00e8me capitaliste h\u00e9g\u00e9monique, vu sa rapacit\u00e9 \u00e9conomique et son exploitation des ressources naturelles, la mort des \u00e9cosyst\u00e8mes par le fait des grandes compagnies multinationales qui viennent pour voler gr\u00e2ce aux institutions gouvernementales corrompues et aux politiques lib\u00e9rales de march\u00e9 telles que NAFTA, le projet Puebla-Panama dans l\u2019Escalera Nautica au nord-ouest (Mer de Cortez) connu comme route de la c\u00f4te, et par cette nouvelle d\u00e9cision, il appara\u00eet que le mauvais gouvernement va voler les eaux de bassin du Rio Yaqui, avec la claire intention de la mettre \u00e0 la disposition des grandes compagnies, et avec l\u2019eau l\u2019air et le territoire pour nous d\u00e9truire\u00a0; comme on dit \u00ab\u00a0l\u2019Empereur, le capital a toujours enfl\u00e9 son ambition et son pouvoir de destruction. Si avant le tr\u00e9sor \u00e9tait l\u2019or, l\u2019argent, les m\u00e9taux et pierres pr\u00e9cieux, maintenant c\u2019est l\u2019eau, l\u2019air, les for\u00eats, les animaux, la connaissance, les gens\u2026\u00a0\u00bb<\/p>\n<p>Nous consid\u00e9rons que seulement \u00e0 travers l\u2019unit\u00e9 de tous les peuples indig\u00e8nes du pays entre eux et avec tous les Mexicains et Mexicaines victimes de l\u2019exploitation, de la d\u00e9possession et de la r\u00e9pression, que la reconnaissance de nos droits autochtones les plus fondamentaux peut \u00eatre possible.<\/p>\n<p>La Tribu Yaqui et la soci\u00e9t\u00e9 civile de la Vall\u00e9e du Yaqui se sont mis d\u2019accord pour d\u00e9fendre notre eau contre le mauvais gouvernement qui veut d\u00e9pouiller les richesses de la terre, du vent, de l\u2019eau et du feu. Ces \u00e9l\u00e9ments sont notre source de vie, pas \u00e0 vendre, ils sont \u00e0 d\u00e9fendre avec la vie. Nous annon\u00e7ons:<\/p>\n<p>A tous les peuples, nations, tribus, quartiers, groupes, autochtones et non-autochtones nationaux et internationaux honn\u00eates, le Premier Forum de D\u00e9fense de l\u2019Eau, qui se tiendra les 20 et 21 novembre 2010, dans la Communaut\u00e9 de la Tribu Yaqui de Vicam, Sonora, Mexique, pour partager les mots, l\u2019exp\u00e9rience et les histoires de lutte et pour convenir de continuer \u00e0 d\u00e9fendre ce qui est \u00e0 nous.<\/p>\n<p>Avec les th\u00e8mes suivants\u00a0:<\/p>\n<p>1. Le Territoire<br \/>\n2. L\u2019Eau<br \/>\n3. L\u2019exercice de l\u2019autonomie<br \/>\n4. Les projets du mauvais gouvernement<\/p>\n<p>&nbsp;<\/p>\n<p><strong>Indigenous National Congress<\/strong><br \/>\n<strong>Vicam Pueblo, Yaqui Land, Sonora, Mexico<\/strong><\/p>\n<p>At the first Forum in Defense of Water.Whereas the territory since time immemorial is where we indigenous peoples, nations and tribes, were born of our mother earth, and we live like brothers with plants, flowers and trees, animals, birds and insects, in the air , the heat, the sun, moon and stars, earth and water, it is our home, food and healing.<\/p>\n<p>We also consider that in the territory of the Yaqui tribe,\u00a0since the beginning of our people, we\u00a0have honored\u00a0the earth and water, in the building of our culture that flourished near the river, UU JIAME, now known as Rio Yaqui that the current government wants to rob us of, and kill our origin, our identity and life itself.<\/p>\n<p>We believe that\u00a0 for over 518 years of history we have suffered in the flesh of our hearts and the war of extermination of the powerful. Given this, the struggle of our peoples, nations and tribes has always been, in\u00a0principle, autonomy throughout history, the result of centuries of resistance of our walk.<\/p>\n<p>We believe that Mother Earth and the existence of humanity is threatened by the hegemonic capitalist system for their economic greed and exploitation of natural resources, the death of ecosystems by large transnational corporations that come to rob with the\u00a0corrupt government institutions and free market policies like NAFTA, the Plan Puebla-Panama project in northwestern Escalera Nautica (Sea of Cortez), known as the coastal road, with that decision,\u00a0it appears that \u00a0the bad government will steal the waters of the Yaqui River basin, with the clear intention of making it \u00a0available to large companies, to destroy us, and as to that, &#8220;The emperor, capital has grown and has grown its ambition and destructive power. If before the treasure was gold, silver, precious metals and stones, now it\u00a0is water, air, forests, animals, knowledge, people &#8230;<\/p>\n<p>&#8220;Only through unity and respect for our most fundamental rights\u00a0of indigenous peoples of the country with each other and with all those Mexicans who are victims of exploitation, this dispossession and repression, then recognition of \u00a0the most fundamental rights of indigenous may be possible.<\/p>\n<p>The Yaqui Tribe with Civil Society in the Yaqui Valley, have agreed to defend our water from\u00a0bad government, who want to strip the riches from\u00a0the earth, wind, water and fire. These\u00a0are elements of our source life, not to be sold. We defend life. As convened:<\/p>\n<p>To all peoples, nations, tribes, neighborhoods, groups, indigenous and non-indigenous national and international honest the First Forum in Defense of Water, to be held on 20 and 21 November 2010, in the Community of the Yaqui Tribe of Vicam, Sonora, Mexico, to share the word, experience and stories of struggle and to agree to continue to defend what is ours.<\/p>\n<p>Under the following topics:<\/p>\n<p>1. \u2013 Territory<br \/>\n2. \u2013 Water<br \/>\n3. &#8211; The exercise of autonomy<br \/>\n4. &#8211; Projects of misrule<\/p>\n<p><strong>TRIBU YAQUI- CONGRESO NACIONAL INDIGENA <\/strong>C O N V OC A T O R I A<\/p>\n<p>Al Primer Foro en Defensa del Agua.<\/p>\n<p>Considerando que el territorio desde tiempos inmemoriales es el lugar donde nosotros los pueblos ind\u00edgenas, naciones y tribus, nos nacimos de nuestra madre tierra, y vivimos como hermanos con las plantas, flores y \u00e1rboles, con los animales, aves e insectos, de los aires, de los calores, el sol, la luna y las estrellas, la tierra y el agua; de ella es nuestro origen, alimento y curaci\u00f3n.<br \/>\nConsideramos asimismo, que en el territorio de la tribu Yaqui, en el principio de nuestro pueblo, nos consideramos hechos de tierra y agua, en la edificaci\u00f3n de nuestra cultura que floreci\u00f3 en las inmediaciones del r\u00edo \u201cUU JIAME\u201d, hoy conocido como R\u00edo Yaqui, que el actual gobierno quiere despojar y matar nuestro origen, nuestra identidad y la vida propia.<br \/>\nConsideramos que a lo largo de 518 a\u00f1os de historia hemos padecido en carne propia y de nuestros corazones la guerra de exterminio de parte de los poderosos. Ante esto, la lucha de nuestros pueblos, naciones y tribus siempre ha sido un principio, la resistencia, y un proyecto hist\u00f3rico, la autonom\u00eda, fruto de la resistencia de siglos de este caminar.<br \/>\nConsideramos que la madre tierra y la existencia de la humanidad se encuentra amenazada por el sistema hegem\u00f3nico capitalista, por su voracidad econ\u00f3mica y de explotaci\u00f3n de los recursos naturales, de muerte de los ecosistemas por las grandes empresas transnacionales que llegan a despojarnos junto a la corrupci\u00f3n de las instituciones gubernamentales y de pol\u00edticas de libre mercado como el Tratado de Libre Comercio, el Plan Puebla-Panam\u00e1 en sus proyectos del noroeste de la Escalera N\u00e1utica ( Mar de Cort\u00e9s), conocida como la carretera costera, con esa decision del mal gobierno buscan robarse las aguas de la cuenca del r\u00edo Yaqui, con la clara intenci\u00f3n de despojarnos y poner a disposici\u00f3n de las grandes empresas el agua, la vida y el territorio para exterminarnos; y como se a dicho que \u201c el emperador, el capital ha crecido y ha crecido su ambici\u00f3n y poder de destrucci\u00f3n. Si antes el tesoro era de oro, plata, metales y piedras preciosas; ahora es de agua, aire, bosques, animales, conocimientos, personas\u2026\u201d<br \/>\nConsiderando, que \u00fanicamente a traves de la unidad de los pueblos ind\u00edgenas del pa\u00eds entre s\u00ed, y con todos aquellos mexicanos y mexicanas que son victimas de explotaci\u00f3n, despojo y represi\u00f3n podr\u00e1 ser posible el respeto de nuestro derechos mas fundamentales .<br \/>\nLa Tribu Yaqui junto con la Sociedad Civil del Valle del Yaqui, hemos acordado la defensa de nuestra agua, que el mal gobierno y los ricos nos quieren despojar, porque la tierra, el viento, el agua y el fuego son elementos de nuestro origen de la vida, no se venden y con la vida se defienden. Por lo que convocamos:<br \/>\nA todos los pueblos, naciones, tribus, barrios, colectivos, organizaciones ind\u00edgenas y no ind\u00edgenas honestas nacionales e internaciones al Primer Foro en Defensa del Agua, a realizarse los d\u00edas 20 y 21 de noviembre del 2010, en la Comunidad de la Tribu Yaqui de Vicam, Sonora, M\u00e9xico, para compartir la palabra, la experiencia e historias de lucha y hacer acuerdo para seguir defendiendo lo que es nuestro.<\/p>\n<p>Bajo los siguientes temas:<br \/>\n1.- Territorio<br \/>\n2.- Agua<br \/>\n3.- El Ejercicio de la Autonomia<br \/>\n4.- Proyectos del mal gobierno<\/p>\n<p>&nbsp;<\/p>\n<p>&nbsp;<\/p>\n","protected":false},"excerpt":{"rendered":"<p>&nbsp; Les Yaqui combattent la rapacit\u00e9 des multinationales pour d\u00e9fendre l\u2019eau du Rio Yaqui Par Brenda Norrell, Censored News See original article in English Reportage en direct, samedi 27 octobre 2012 Traduction Christine Prat &nbsp; Les Peuples Autochtones de l\u2019\u00e9tat de Sonora sont actuellement rassembl\u00e9s pour la Deuxi\u00e8me R\u00e9union des Guides Spirituels pour discuter de [&hellip;]<\/p>\n","protected":false},"author":1,"featured_media":0,"comment_status":"closed","ping_status":"open","sticky":false,"template":"","format":"standard","meta":[],"categories":[19,6,84],"tags":[328,331,334,333,332,20,329,330,327,326],"_links":{"self":[{"href":"https:\/\/chrisp.lautre.net\/wpblog\/index.php?rest_route=\/wp\/v2\/posts\/1102"}],"collection":[{"href":"https:\/\/chrisp.lautre.net\/wpblog\/index.php?rest_route=\/wp\/v2\/posts"}],"about":[{"href":"https:\/\/chrisp.lautre.net\/wpblog\/index.php?rest_route=\/wp\/v2\/types\/post"}],"author":[{"embeddable":true,"href":"https:\/\/chrisp.lautre.net\/wpblog\/index.php?rest_route=\/wp\/v2\/users\/1"}],"replies":[{"embeddable":true,"href":"https:\/\/chrisp.lautre.net\/wpblog\/index.php?rest_route=%2Fwp%2Fv2%2Fcomments&post=1102"}],"version-history":[{"count":4,"href":"https:\/\/chrisp.lautre.net\/wpblog\/index.php?rest_route=\/wp\/v2\/posts\/1102\/revisions"}],"predecessor-version":[{"id":5739,"href":"https:\/\/chrisp.lautre.net\/wpblog\/index.php?rest_route=\/wp\/v2\/posts\/1102\/revisions\/5739"}],"wp:attachment":[{"href":"https:\/\/chrisp.lautre.net\/wpblog\/index.php?rest_route=%2Fwp%2Fv2%2Fmedia&parent=1102"}],"wp:term":[{"taxonomy":"category","embeddable":true,"href":"https:\/\/chrisp.lautre.net\/wpblog\/index.php?rest_route=%2Fwp%2Fv2%2Fcategories&post=1102"},{"taxonomy":"post_tag","embeddable":true,"href":"https:\/\/chrisp.lautre.net\/wpblog\/index.php?rest_route=%2Fwp%2Fv2%2Ftags&post=1102"}],"curies":[{"name":"wp","href":"https:\/\/api.w.org\/{rel}","templated":true}]}}